{"id":112,"date":"2012-10-18T01:17:00","date_gmt":"2012-10-18T04:17:00","guid":{"rendered":"http:\/\/letraseletricas.blog.br\/lit\/?p=112"},"modified":"2017-11-02T14:08:24","modified_gmt":"2017-11-02T17:08:24","slug":"mandando-as-malas-embora","status":"publish","type":"post","link":"http:\/\/www.letraseletricas.blog.br\/lit\/2012\/10\/mandando-as-malas-embora\/","title":{"rendered":"Mandando as Malas Embora"},"content":{"rendered":"<p>Decidi-me a um passo radical nas minhas rela\u00e7\u00f5es facebookianas. Estou come\u00e7ando a cortar rela\u00e7\u00f5es com pessoas com quem n\u00e3o tenho conhecimento direto e, simultaneamente, n\u00e3o formam, em minha opini\u00e3o, um p\u00fablico potencial para a minha literatura. Vou cortando esta turma porque estou cansado de conversas vazias que n\u00e3o v\u00e3o a lugar nenhum, cansado de gente cheia de certezas, id\u00eanticas ou opostas \u00e0s minhas.<\/p>\n<p>Acredito que esta medida higi\u00eancia me favorecer\u00e1 bastante. Ajudar\u00e1 a me manter afastado da internet e mais perto de coisas como \u00e1rvores, bichos e trabalho. Mesmo que n\u00e3o tenha esse cond\u00e3o, pelo menos me afasto de uns malas.<\/p>\n<p>Esta semana fiquei conhecendo tr\u00eas.<\/p>\n<p>O primeiro mala \u00e9 aquele cara que posta coisas e depois reclama se voc\u00ea comenta. O segundo \u00e9 o mala que te adiciona a grupos que ele acha que voc\u00ea quer participar. O terceiro \u00e9 o mala que s\u00f3 sabe falar em Jesus.<\/p>\n<p>Eu digo que fiquei conhecendo esses malas somente esta semana porque eu nunca tivera a oportunidade de trombar com eles. Mas tenho a certeza de que j\u00e1 os intu\u00eda antes: alguns me acompanhavam desde os tempos de Orkut.<\/p>\n<p>Meu contato com o primeiro mala ocorreu quando ele postou um coment\u00e1rio qualquer, de cunho extremamente provocador. Era alguma coisa sobre uma campanha para desacreditar a campanha movida por alguns grupos na internet em favor de que seja tamb\u00e9m julgado o chamado &#8220;mensal\u00e3o mineiro&#8221;. Seu coment\u00e1rio foi o de que n\u00e3o h\u00e1 necessidade de julgar nada daquilo, porque \u00e9 tudo mentira mesmo, j\u00e1 que a justi\u00e7a at\u00e9 hoje n\u00e3o achou o que julgar, ou algo assim. E que o livro &#8220;Privataria Tucana&#8221;, que acusa os acusadores do atual governo, seria uma &#8220;pe\u00e7a de fic\u00e7\u00e3o&#8221;. Quando eu comentei que ele estava agindo movido por f\u00e9 cega, sem prestar a m\u00ednima aten\u00e7\u00e3o \u00e0 coer\u00eancia, o mala me atacou com uma vers\u00e3o sofisticada daqueles dizeres de auto ajuda barata, algo como &#8220;eu nunca fui poluir o seu mural com as minhas opini\u00f5es, por que voc\u00ea vem me criticar no meu?&#8221; Senti-me atingido porque, de fato, era o mural dele e, de fato tamb\u00e9m, ele nunca comentara suas opini\u00f5es de ultra direitista no meu mural. Mas se eu n\u00e3o tenho o direito de comentar, mesmo acidamente, o que um &#8220;amigo&#8221; posta em seu mural, ent\u00e3o esse n\u00e3o \u00e9 um &#8220;amigo&#8221; meu, apenas um sujeito que est\u00e1 adicionado, sabe-se l\u00e1 por que acaso. A \u00fanica rea\u00e7\u00e3o poss\u00edvel, diante da dist\u00e2ncia ideol\u00f3gica e da necessidade de preserva\u00e7\u00e3o de seu cercadinho mental, foi a que tomei: desfazer a amizade. No momento em que o fiz, percebi que existem dezenas de outros &#8220;amigos&#8221; meus que tampouco s\u00e3o amigos: porque n\u00e3o tenho conhecimento pessoal seu, e nem confian\u00e7a para, em algum momento, comentar livremente o que postam. Amigos que s\u00f3 aceitam coment\u00e1rios laudat\u00f3rios ou neutros n\u00e3o s\u00e3o amigos. S\u00e3o pessoas que precisam ser ignoradas.<\/p>\n<p>O segundo tipo de mala \u00e9 mais sutil e, de fato, eu n\u00e3o tenho enfrentado esse problema nas \u00faltimas semanas, desde que exclu\u00ed alguns adicionadores contumazes. Mas foi s\u00f3 nesta semana que eu percebi que essa pr\u00e1tica tamb\u00e9m \u00e9 um abuso, e um motivo para n\u00e3o somente eu excluir os &#8220;amigos&#8221;, mas a pr\u00f3pria conta no Facebook. Aguardarei o lan\u00e7amento do segundo livro e talvez o fa\u00e7a.<\/p>\n<p>O terceiro tipo de mala tem me atacado menos, e esse era, talvez, o que eu mais tinha no\u00e7\u00e3o anterior de sua exist\u00eancia. O que mudou esta semana foi a percep\u00e7\u00e3o de que, invariavelmente, a pessoa que toca no assunto Jesus nas primeiras vezes em que voc\u00ea conversa com ela \u00e9 algu\u00e9m que tem Deus na cabe\u00e7a \u2014 e mais nada. Existem muitas pessoas que acreditam em Deus e s\u00e3o simp\u00e1ticas, mas h\u00e1 pessoas que acreditam que a cren\u00e7a \u00e9 uma desculpa para ser mala permanentemente ou,\u00a0 pior, que se tornam t\u00e3o obcecadas que se tornam malas sem querer. Eu n\u00e3o tenho saco para discernir os dois tipos: ignoro ambos.<\/p>\n<p>H\u00e1 outros tipos de malas bastante inc\u00f4modos tamb\u00e9m, como o mala prol\u00edfico, aquele que resulta em 76 notifica\u00e7\u00f5es de atividade, ou o mala cient\u00edfico, que \u00e9 uma esp\u00e9cie de crente pregador das \u00faltimas descobertas cient\u00edficas. Ambos s\u00e3o de dar dor de dente em galinha. Imagine voc\u00ea abrir suas notifica\u00e7\u00f5es e ler que &#8220;Beltrano de Tal curtiu uma not\u00edcia em G1.com&#8221;, da\u00ed voc\u00ea clica e l\u00ea que &#8220;M\u00f4nica B\u00e9rgamo (quem?) prepara pizza com Ang\u00e9lica&#8221;. Ou, no caso do mala cient\u00edfico: &#8220;Observat\u00f3rio americano descobre que Plut\u00e3o tem 0,5% mais merdato de b\u00f3stium do que se esperava \u2014 descoberta deve revolucionar a teoria das br\u00e2nquias hipers\u00f4nicas de Andr\u00f4meda&#8221;. Da\u00ed voc\u00ea passa \u00e0 notifica\u00e7\u00e3o seguinte e outro &#8220;Fulano de Tal&#8221; curtiu uma p\u00e1gina com &#8220;Todos os personagens de &#8216;Malha\u00e7\u00e3o&#8217; se re\u00fanem para homenagear Z\u00e9 Ningu\u00e9m das Couves&#8221;. Voc\u00ea ignora, mas a notifica\u00e7\u00e3o seguinte, novamente, do amigo cient\u00edfico, lhe lembra &#8220;Aster\u00f3ide de 0,025 toneladas passou a 0,05 unidades astron\u00f4micas da Terra nesta noite&#8221;. Da\u00ed voc\u00ea assusta achando que foi algo grande que passou perto e descobre que foi uma bosta de pedregulho irrelevante de 25kg que nos errou por um vig\u00e9simo da dist\u00e2ncia at\u00e9 o Sol.<\/p>\n<p>Eu estava acostumado a conviver com esses dois malas, e mais o que a cada cinco minutos compartilha um vers\u00edculo fofoso da B\u00edblia, ou uma p\u00e9rola de auto ajuda. Nesta semana percebi o inc\u00f4modo dos malas pol\u00edticos que, por uma estranha coincid\u00eancia, est\u00e3o inundando o Facebook de cal\u00fanias contra o Fernando Haddad, o Lula, o Hugo Ch\u00e1vez e at\u00e9 contra as cerejas de bolo (porque tamb\u00e9m s\u00e3o vermelhas). J\u00e1 vi gente dizendo que &#8220;Serra \u00e9 lindo&#8221; (tem gosto para tudo, at\u00e9 para v\u00f4mito) e outro dizendo que &#8220;tinha mais \u00e9 que acabar com essa merda de democracia para afastar esses petralhas do poder&#8221;. Sei muito bem o que \u00e9 isso: \u00e9 uma campanha de * astroturfing*  em plena a\u00e7\u00e3o. Esses idiotas aparentes n\u00e3o v\u00e3o continuar postando isso depois que acabar a elei\u00e7\u00e3o: quem est\u00e1 pagando vai deixar de exigir produtividade e eles v\u00e3o voltar a compartilhar auto ajuda ou not\u00edcias irrelevantes, s\u00f3 alguns mais impression\u00e1veis v\u00e3o continuar bajulando os candidatos. \u00c9 dif\u00edcil conviver com isso, n\u00e3o tenho mais tanto tempo. Prefiro cair fora e torcer para eles ca\u00edrem na real quando precisarem trocar as fraldas, melhor do que ca\u00edrem na real quando houver tanques nas ruas, e n\u00e3o para lavar roupa suja.<\/p>\n<p>Ent\u00e3o, para evitar esse desgaste de meu humor, estou apagando essa gente chata e dedicando meu tempo livre a assistir os filmes do Monty Python e a pesquisar na Internet por discos de violeiros. Isso enquanto * O Pecado da Tristeza* n\u00e3o sai \u2014 e j\u00e1 t\u00e1 demorando uma meia eternidade.<\/p>\n","protected":false},"excerpt":{"rendered":"<p>Decidi-me a um passo radical nas minhas rela\u00e7\u00f5es facebookianas. Estou come\u00e7ando a cortar rela\u00e7\u00f5es com pessoas com quem n\u00e3o tenho conhecimento direto e, simultaneamente, n\u00e3o formam, em minha opini\u00e3o, um p\u00fablico potencial para a minha literatura. Vou cortando esta turma porque estou cansado de conversas vazias que n\u00e3o v\u00e3o a lugar nenhum, cansado de gente cheia de certezas, id\u00eanticas ou opostas \u00e0s minhas.<\/p>\n","protected":false},"author":1,"featured_media":0,"comment_status":"open","ping_status":"open","sticky":false,"template":"","format":"standard","meta":[],"categories":[46],"tags":[33,87,8],"_links":{"self":[{"href":"http:\/\/www.letraseletricas.blog.br\/lit\/wp-json\/wp\/v2\/posts\/112"}],"collection":[{"href":"http:\/\/www.letraseletricas.blog.br\/lit\/wp-json\/wp\/v2\/posts"}],"about":[{"href":"http:\/\/www.letraseletricas.blog.br\/lit\/wp-json\/wp\/v2\/types\/post"}],"author":[{"embeddable":true,"href":"http:\/\/www.letraseletricas.blog.br\/lit\/wp-json\/wp\/v2\/users\/1"}],"replies":[{"embeddable":true,"href":"http:\/\/www.letraseletricas.blog.br\/lit\/wp-json\/wp\/v2\/comments?post=112"}],"version-history":[{"count":1,"href":"http:\/\/www.letraseletricas.blog.br\/lit\/wp-json\/wp\/v2\/posts\/112\/revisions"}],"predecessor-version":[{"id":2319,"href":"http:\/\/www.letraseletricas.blog.br\/lit\/wp-json\/wp\/v2\/posts\/112\/revisions\/2319"}],"wp:attachment":[{"href":"http:\/\/www.letraseletricas.blog.br\/lit\/wp-json\/wp\/v2\/media?parent=112"}],"wp:term":[{"taxonomy":"category","embeddable":true,"href":"http:\/\/www.letraseletricas.blog.br\/lit\/wp-json\/wp\/v2\/categories?post=112"},{"taxonomy":"post_tag","embeddable":true,"href":"http:\/\/www.letraseletricas.blog.br\/lit\/wp-json\/wp\/v2\/tags?post=112"}],"curies":[{"name":"wp","href":"https:\/\/api.w.org\/{rel}","templated":true}]}}