{"id":1559,"date":"2014-04-27T11:47:53","date_gmt":"2014-04-27T14:47:53","guid":{"rendered":"http:\/\/www.letraseletricas.blog.br\/lit\/?p=1559"},"modified":"2017-08-13T00:43:50","modified_gmt":"2017-08-13T03:43:50","slug":"alguns-nao-podem-ser-belos","status":"publish","type":"post","link":"http:\/\/www.letraseletricas.blog.br\/lit\/2014\/04\/alguns-nao-podem-ser-belos\/","title":{"rendered":"Alguns N\u00e3o Podem Ser Belos"},"content":{"rendered":"<p>A beleza \u00e9 algo fundamentalmente pol\u00eamico. Sendo quest\u00e3o de gosto, \u00e9 imposs\u00edvel definir um padr\u00e3o que agrade a cada ser humano. Por isso n\u00e3o h\u00e1 unanimidade nem mesmo em rela\u00e7\u00e3o a obras de arte consagradas (h\u00e1 quem ache a Mona Lisa feia, por exemplo) e o consenso, quando existe, \u00e9 mais o produto de um condicionamento cultural do que de uma escolha racional.<\/p>\n<p>Esta semana tivemos uma prova do quanto o condicionamento cultural amortece o julgamento e, quando contestado, revela cavilosos sentimentos que as pessoas normalmente escondem.<\/p>\n<div id=\"attachment_1561\" style=\"width: 235px\" class=\"wp-caption alignleft\"><img aria-describedby=\"caption-attachment-1561\" loading=\"lazy\" src=\"http:\/\/www.letraseletricas.blog.br\/lit\/wp-content\/uploads\/2014\/04\/lupita-2-225x300.jpg\" alt=\"Lupita Nyong&#039;o\" width=\"225\" height=\"300\" class=\"size-medium wp-image-1561\" srcset=\"http:\/\/www.letraseletricas.blog.br\/lit\/wp-content\/uploads\/2014\/04\/lupita-2-225x300.jpg 225w, http:\/\/www.letraseletricas.blog.br\/lit\/wp-content\/uploads\/2014\/04\/lupita-2-113x150.jpg 113w, http:\/\/www.letraseletricas.blog.br\/lit\/wp-content\/uploads\/2014\/04\/lupita-2.jpg 768w, http:\/\/www.letraseletricas.blog.br\/lit\/wp-content\/uploads\/2014\/04\/lupita-2-480x640.jpg 480w\" sizes=\"(max-width: 225px) 100vw, 225px\" \/><p id=\"caption-attachment-1561\" class=\"wp-caption-text\">Lupita Nyong&#8217;o<\/p><\/div>\n<p>Alguma revista americana que eu nunca tinha sequer ouvido falar resolveu estampar na capa que a atriz mexicano-queniana Lupita Nyog&#8217;o  seria a mulher mais bonita do mundo. Todo ano existe uma p\u00e1 de elei\u00e7\u00f5es de mulher mais bonita do mundo, todas elas altamente discut\u00edveis, mas quase todas resultando na escolha de uma beleza convencional (ainda que demograficamente minorit\u00e1ria), com tra\u00e7os europeus, latino-americanos ou leste-asi\u00e1ticos. Estas elei\u00e7\u00f5es sempre despertam questionamentos comedidos por parte de quem tem opini\u00e3o diferente: &#8220;Ah, mas Fulana de Tal \u00e9 mais bonita que essazinha a\u00ed.&#8221; Normal isso. Ocorre que, por um motivo &#8220;estranho e incompreens\u00edvel&#8221; (ah\u00e3), especificamente desta vez em que elegeram uma mulher t\u00e3o preta quanto poss\u00edvel (e muito bonita, diga-se de passagem) surgiu essa grita toda na internet, com direito \u00e0 opini\u00e3o de um bando de gente sobre o caso, como se fosse um sinal do apocalipse algu\u00e9m achar que uma negra retinta \u00e9 bonita.<\/p>\n<p>O problema n\u00e3o \u00e9 questionarem a elei\u00e7\u00e3o da Lupita Nyong&#8217;o. J\u00e1 disse que todos os anos qualquer que seja a &#8220;mais bela das belas&#8221;, sempre h\u00e1 muita gente que discorde, simplesmente porque beleza \u00e9 quest\u00e3o de gosto e \u00e9 imposs\u00edvel, portanto, encontrar uma que seja a mais bela para todos. Mas n\u00e3o \u00e9 &#8220;estranho&#8221; que essa pol\u00eamica sobre a mais bela n\u00e3o ser a mais bela s\u00f3 ganha propor\u00e7\u00e3o quando escolhem uma negra. Lembra do furdun\u00e7o que a Miss Universo angolana causou? Bem, eu n\u00e3o acho nada estranho na quest\u00e3o, acho o questionamento muito \u00f3bvio e esperado: vivemos em uma sociedade atavicamente racista que considera a pele negra como essencialmente incompat\u00edvel com a beleza, e quanto mais preta a pele, mais imposs\u00edvel a aceita\u00e7\u00e3o. Imagina ent\u00e3o se a mo\u00e7a n\u00e3o tivesse aqueles tra\u00e7os afilados (t\u00edpicos dos negros do leste africano) e ostentasse um nariz largo, l\u00e1bios grossos, qualquer tra\u00e7o ainda mais desviante do modelo padr\u00e3o!<\/p>\n<p>Os questionadores tentam se justificar com esse ceticismo seletivo, t\u00edpico de quem quer sentar no pr\u00f3prio rabo para apontar o alheio: concurso de beleza \u00e9 sempre uma bobagem (mas ele \u00e9 mais lembrado como bobagem quando elegem uma negra). N\u00e3o obstante nada dizem quanto a sucessivas edi\u00e7\u00f5es desses concursos (formais ou n\u00e3o) que apontaram venezuelanas, filipinas, americanas, inglesas, espanholas, italianas ou mexicanas.  Afinal, enquanto o resultado do concurso case com a percep\u00e7\u00e3o de beleza do senso comum, n\u00e3o h\u00e1 porque fazer disto uma bandeira. <\/p>\n<p>Na tentativa de desqualificar o concurso quando ele aponta uma vencedora que n\u00e3o conv\u00e9m, surgem os argumentos mais &#8220;estranhos&#8221; (para eles, n\u00e3o para mim, que os acho previs\u00edveis). O vlogueiro Filipe Neto, que tem &#8220;milh\u00f5es de seguidores no YouTube&#8221; aproveitou para se compadecer da exposi\u00e7\u00e3o a que a atriz seria submetida por ter sido. Ele n\u00e3o achou &#8220;justo&#8221; a usarem para uma posi\u00e7\u00e3o pol\u00edtica. Deve achar que a atriz \u00e9 uma ing\u00eanua que se deslumbrar\u00e1 achando que o mundo a acha bonita s\u00f3 porque a revista a apontou como tal. Ou que \u00e9 uma tola emocionalmente carente que precisa acreditar que \u00e9 a &#8220;mais bela das belas&#8221; para se sentir bem. No entanto, Filipe Neto n\u00e3o acha estranho que todos os anos diversas outras jovens sejam apontadas como mais belas, expondo-as igualmente a tal julgamento. <\/p>\n<p>Na verdade, Filipe Neto sabe que o julgamento ao qual as misses e belas s\u00e3o submetidas \u00e9 relativamente brando quando elas t\u00eam o padr\u00e3o &#8220;certo&#8221; de beleza. Por isso ele s\u00f3 se compadece da Lupita, porque, no fundo, ele sabe que ela, sim, ser\u00e1 apedrejada por ter sido escolhida.<\/p>\n<p>Para n\u00e3o aparecer como racista ao questionar a elei\u00e7\u00e3o da atriz (que, afinal, embora bonita, n\u00e3o \u00e9 t\u00e3o bonita assim, eu particularmente acho a Sade Adu muito mais *sexy*) o Filipe resolve mostrar sua [complac\u00eancia com a beleza negra](http:\/\/www.pragmatismopolitico.com.br\/2013\/08\/deixar-de-ser-racista-nao-e-comer-uma-mulata.html) exibindo como exemplo de mulher negra mais bonita que a Lupita uma garota, chamada Raquel, que trabalha com ele. Ao fazer isso, Filipe comete um deslize de propor\u00e7\u00f5es \u00e9picas, praticamente carimba na testa um aTESTAdo de racismo: pois a jovem que ele escolhe como exemplo \u00e9 uma humilde **auxiliar de servi\u00e7os gerais** que, entre outras coisas, **lhe serve o caf\u00e9**. A jovem entra em cena arredia, com dificuldade para se expressar, *\u00e9 preciso que Filipe a estimule, **que a ensine** como se portar*. Esse \u00e9 o modelo de beleza negra que Filipe Neto endossa. Uma jovem que, embora realmente bonita, **lhe \u00e9 subalterna** tanto socialmente (por lhe servir o caf\u00e9) quanto intelectualmente, por precisar ser ensinada por ele como deve falar diante da c\u00e2mera. E se forem ver o v\u00eddeo dele para comentar, notem tamb\u00e9m que Raquel \u00e9 menos &#8220;retinta&#8221; que a Lupita. \u00c9 negra, mas sua pele tem um tom achocolatado, em vez do negro luminoso da atriz mexicano-queniana.<\/p>\n<p>Assim, o querido Filipe Neto, ao tentar mostrar que &#8220;n\u00e3o \u00e9 racista&#8221; para poder se legitimar a questionar a elei\u00e7\u00e3o de Lupita Nyong&#8217;o, exibe abertamente como ideal de beleza negra um modelo exatamente racista e at\u00e1vico: negra bonita \u00e9 aquela com uma pele &#8220;n\u00e3o t\u00e3o preta&#8221; e que tem um comportamento socialmente submisso. Negra bonita \u00e9 a &#8220;morena&#8221; que serve caf\u00e9 e precisa ser orientada para falar diante da c\u00e2mera. J\u00e1 Lupita, empoderada pelo reconhecimento, articulada por sua cultura e forma\u00e7\u00e3o, essa n\u00e3o \u00e9 uma negra &#8220;adequada&#8221;, e j\u00e1 que \u00e9 retinta, sua beleza \u00e9 &#8220;pol\u00eamica&#8221;.<\/p>\n<p>E o mais curioso \u00e9 que justamente esse pessoal que difunde esse conceito racista de beleza pretende inverter a l\u00f3gica e acusar os que denunciam seu racismo como &#8220;censores&#8221; ou contr\u00e1rios \u00e0 liberdade de express\u00e3o. Que liberdade \u00e9 essa que s\u00f3 pode funcionar quando \u00e9 expresso o consenso? Qualquer mulher pode ser chamada de &#8220;mais bela das belas&#8221;, desde que n\u00e3o seja negra. <\/p>\n","protected":false},"excerpt":{"rendered":"<p>A beleza \u00e9 algo fundamentalmente pol\u00eamico. Sendo quest\u00e3o de gosto, \u00e9 imposs\u00edvel definir um padr\u00e3o que agrade a cada ser humano. Por isso n\u00e3o h\u00e1 unanimidade nem mesmo em rela\u00e7\u00e3o a obras de arte consagradas (h\u00e1 quem ache a Mona Lisa feia, por exemplo) e o consenso, quando existe, \u00e9 mais o produto de um condicionamento cultural do que de uma escolha racional. Esta semana tivemos uma prova do quanto o condicionamento cultural amortece o julgamento e, quando contestado, revela cavilosos sentimentos que as pessoas [&hellip;]<\/p>\n","protected":false},"author":1,"featured_media":0,"comment_status":"open","ping_status":"open","sticky":false,"template":"","format":"standard","meta":[],"categories":[46],"tags":[13,88,77,11],"_links":{"self":[{"href":"http:\/\/www.letraseletricas.blog.br\/lit\/wp-json\/wp\/v2\/posts\/1559"}],"collection":[{"href":"http:\/\/www.letraseletricas.blog.br\/lit\/wp-json\/wp\/v2\/posts"}],"about":[{"href":"http:\/\/www.letraseletricas.blog.br\/lit\/wp-json\/wp\/v2\/types\/post"}],"author":[{"embeddable":true,"href":"http:\/\/www.letraseletricas.blog.br\/lit\/wp-json\/wp\/v2\/users\/1"}],"replies":[{"embeddable":true,"href":"http:\/\/www.letraseletricas.blog.br\/lit\/wp-json\/wp\/v2\/comments?post=1559"}],"version-history":[{"count":6,"href":"http:\/\/www.letraseletricas.blog.br\/lit\/wp-json\/wp\/v2\/posts\/1559\/revisions"}],"predecessor-version":[{"id":4710,"href":"http:\/\/www.letraseletricas.blog.br\/lit\/wp-json\/wp\/v2\/posts\/1559\/revisions\/4710"}],"wp:attachment":[{"href":"http:\/\/www.letraseletricas.blog.br\/lit\/wp-json\/wp\/v2\/media?parent=1559"}],"wp:term":[{"taxonomy":"category","embeddable":true,"href":"http:\/\/www.letraseletricas.blog.br\/lit\/wp-json\/wp\/v2\/categories?post=1559"},{"taxonomy":"post_tag","embeddable":true,"href":"http:\/\/www.letraseletricas.blog.br\/lit\/wp-json\/wp\/v2\/tags?post=1559"}],"curies":[{"name":"wp","href":"https:\/\/api.w.org\/{rel}","templated":true}]}}