{"id":1587,"date":"2014-05-17T15:48:43","date_gmt":"2014-05-17T18:48:43","guid":{"rendered":"http:\/\/www.letraseletricas.blog.br\/lit\/?p=1587"},"modified":"2017-08-13T00:41:35","modified_gmt":"2017-08-13T03:41:35","slug":"a-casa-do-escritor","status":"publish","type":"post","link":"http:\/\/www.letraseletricas.blog.br\/lit\/2014\/05\/a-casa-do-escritor\/","title":{"rendered":"A Casa do Escritor"},"content":{"rendered":"<p>> Esta postagem \u00e9 uma obra de n\u00e3o-fic\u00e7\u00e3o, que cita e parodia livremente um texto compartilhado na internet, com finalidade sat\u00edrica e sem fins lucrativos, ancorada na liberdade de express\u00e3o e no conceito do *fair use* (embora este ainda n\u00e3o seja consagrado em nossa legisla\u00e7\u00e3o, j\u00e1 o \u00e9 em nosso bom senso).<\/p>\n<p>Vem a\u00ed o mais imperd\u00edvel evento liter\u00e1rio de 2014. N\u00e3o, n\u00e3o estou falando de Bienal ou Feira do Livro, estou falando de uma novidade: um *reality-show* de escritores, sem a parte do *show*, e com um recurso limitado de *reality*. Com voc\u00eas, a &#8220;Casa do Escritor&#8221;.<\/p>\n<p>A Casa dos Escritores \u00e9 um projeto fruto da necessidade da forma\u00e7\u00e3o de escritores e leitores cr\u00edticos e da integra\u00e7\u00e3o entre os mesmos. Para isso, uma certa editora (cujo nome n\u00e3o vou dizer, mas os curiosos achar\u00e3o no Or\u00e1culo), que se credencia como &#8220;organizadora de parte da Caravana Liter\u00e1ria&#8221;, apresenta um projeto &#8220;totalmente inovador&#8221;.<\/p>\n<p>A fim de &#8220;proporcionar um interc\u00e2mbio entre diferentes agentes culturais no Brasil&#8221;, a ideia \u00e9 reunir um grupo de dez escritores amadores e dois ou tr\u00eas profissionais em uma casa localizada em localidade isolada do interior de Minas Gerais. O isolamento garantir\u00e1, suponho, uma melhor capta\u00e7\u00e3o das energias c\u00f3smicas e das inspira\u00e7\u00f5es sobrenaturais dos autores, ao mesmo tempo em que a localiza\u00e7\u00e3o central da cidade de Paracatu permitir\u00e1 uma melhor &#8220;irradia\u00e7\u00e3o&#8221; do encontro para o resto do Brasil. <\/p>\n<p>A cidade escolhida foi Paracatu, Minas Gerais, Patrim\u00f4nio Cultural Brasileiro. Para a cidade o evento ser\u00e1 \u00f3timo: vai ocupar, fora de temporada, uma pousada inteira e ainda vai tornar a cidade falada em todo o pa\u00eds. Voc\u00ea mesmo que me l\u00ea talvez nunca tivesse ouvido falar de Paracatu. Que fique bem claro que a cidade \u00e9 uma gracinha de lugar, que merece sua visita. <\/p>\n<p>Logo, al\u00e9m de &#8220;treinamento&#8221; (sic), palestras e din\u00e2\u00admicas, a programa\u00e7\u00e3o contar\u00e1 ainda com passeios tur\u00edsticos regulares pelo Centro Hist\u00f3rico e diversas cachoeiras. Afinal, a literatura em si n\u00e3o \u00e9 atra\u00e7\u00e3o suficiente para os eleitos: tem que ter um passeiozinho que valha a pena, que ningu\u00e9m \u00e9 de ferro, ou melhor, de papel.<\/p>\n<p>A programa\u00e7\u00e3o final ser\u00e1 divulgada em breve, bem como os nomes dos escritores que\u00a0ser\u00e3o os instrutores da primeira temporada. N\u00e3o se preocupe em pagar antes: seja quem for que eles escolham para te ensinar, ser\u00e1 algu\u00e9m relevante e vai valer a pena. <\/p>\n<p>Durante as duas semanas, os participantes ter\u00e3o &#8220;momentos para escrita&#8221; (talvez vinte minutos por dia sejam suficientes, se n\u00e3o estiverem muito cansados dos passeios pelas cachoeiras e dos churrascos vespertinos). Ao final do per\u00edodo, ter\u00e3o mais seis meses para finalizar um livro, que ter\u00e1 contrato de publica\u00e7\u00e3o a Buriti &#8220;ou editora parceira&#8221; (vai que o ganhador \u00e9 t\u00e3o ruim que a editora n\u00e3o queira queimar demais seu filme!).<\/p>\n<p>As inscri\u00e7\u00f5es poder\u00e3o ser feitas at\u00e9 18\/5 (amanh\u00e3). O evento ocorrer\u00e1 entre 18 de junho e 2 de julho, totalizando aproximados 15 dias. Ao contr\u00e1rio do projeto inicial, que seria bem maior, &#8220;optamos por essa quantidade de dias por acreditar que assim ter\u00edamos bem mais flexibilidade e possibilidade de ter um projeto com grande \u00eaxito.&#8221; De forma nenhuma a redu\u00e7\u00e3o de escala foi motivada pelo fator custo, que dificultava encontrar quem tivesse condi\u00e7\u00f5es de pagar pelo evento.<\/p>\n<p>Inicialmente, ser\u00e3o 10 os selecionados. Logo, os interessados dever\u00e3o inscrever-se t\u00e3o r\u00e1pido quanto poss\u00edvel, pois o n\u00famero de vagas \u00e9 limitad\u00edssimo. O transporte at\u00e9 Hogwarts, digo, Paracatu \u2013 MG \u00e9 por conta do participante. A sugest\u00e3o \u00e9 que sigam por via a\u00e9rea ou rodovi\u00e1ria at\u00e9 Bras\u00edlia, e a partir de l\u00e1 locaremos um van, saindo da plataforma 9 3\/4 da rodovi\u00e1ria, com todos os participantes at\u00e9 a cidade \u2013 a dist\u00e2ncia \u00e9 pouco maior que 200 km. S\u00e3o s\u00f3 200 km em uma van, pessoal. Coisa de duas horas e meia apenas. Espero que gostem muito de Paracatu.<\/p>\n<p>Foi escolhida, para a realiza\u00e7\u00e3o do projeto, uma casa que \u00e9 um verdadeiro sonho. O im\u00f3vel \u00e9 plano (possivelmente os demais im\u00f3veis de Paracatu s\u00e3o curvos ou inclinados, ent\u00e3o \u00e9 importante frisar que este, em especial, \u00e9 plano), localizado no Centro Hist\u00f3rico, possui cinco quartos su\u00edte (o que significa que voc\u00ea, se vai sozinho, ter\u00e1 de dividir um quarto com um\/a estranho\/a), sala de visitas, sala de TV, sala de jantar, cozinha, 3 banheiros sociais, 2 despensas, garagem para v\u00e1rios ve\u00edculos, churrasqueira com 2 banheiros (a grande atra\u00e7\u00e3o \u00e9 a quantidade de banheiros, al\u00e9m de um em cada quarto, temos mais 3 &#8220;sociais&#8221; e 2 na churrasqueira, totalizando 10) e \u00e1rea coberta, piscina com cascata, jardim gramado e diversas plantas (coisa mais rara um jardim com grama &#8220;e plantas&#8221;), port\u00e3o eletr\u00f4nico, cerca el\u00e9trica com alarme (a menos que o objetivo seja impedir os escritores de fugirem, isso significa que Paracatu j\u00e1 n\u00e3o \u00e9 t\u00e3o pacata assim), jardim (provavelmente outro jardim, que n\u00e3o \u00e9 gramado e nem tem plantas) e terreno com 700 m2. <\/p>\n<p>Para as din\u00e2micas e a viv\u00eancia do que \u00e9 ser escritor, ser\u00e3o confirmados nos pr\u00f3ximos dias os nomes dos autores. Escritores diversos ainda est\u00e3o sendo estudados. Provavelmente alguns dos contratados da pr\u00f3pria editora ser\u00e1 convencido a participar.<\/p>\n<p>Haver\u00e1 uma equipe de cinco pessoas trabalhando diretamente com a casa (mas n\u00e3o estar\u00e3o vivendo nela, pela falta de quartos), sendo uma cozinheira, um ajudante, um coordenador de trabalhos, um coordenador geral e um diretor (como n\u00e3o h\u00e1 um faxineiro sequer, preparem-se para varrer o ch\u00e3o e lavar os pr\u00f3prios banheiros). Haver\u00e1, todos os dias, caf\u00e9 da manh\u00e3, almo\u00e7o, lanche da tarde e janta. Em meio \u00e0s palestras, cursos e din\u00e2micas, contaremos ainda com diversos passeios por Paracatu, como a cachoeiras, minas, reservas ambientais e todo Centro Hist\u00f3rico. Para isso, temos total apoio da Secretaria de Cultura, Prefeitura Municipal e Academia de Letras do Noroeste de Minas. Esses passeios s\u00e3o t\u00e3o importantes que \u00e9 preciso citar duas vezes, para enfatizar.<\/p>\n<p>Conforme a proposta inicial, os escritores selecionados ter\u00e3o 6 meses para finalizar uma obra que n\u00e3o deve ser maior do que 300 p\u00e1ginas em formato 16 cm x 23 cm para publica\u00e7\u00e3o pela Editora Buriti. Por contrato, a Buriti ter\u00e1 dois anos para a publica\u00e7\u00e3o da obra. Se a sua obra ficar menor, n\u00e3o tem problema: \u00e9 s\u00f3 aumentar o tamanho da fonte e\/ou das margens, visto que a especifica\u00e7\u00e3o do tamanho pela editora se refere apenas a quantidade de p\u00e1ginas e tamanho do papel. Se ficar grande, vale o mesmo: esprema as margens e diminua a fonte. Com Garamond 9 sua triologia vira edi\u00e7\u00e3o de bolso em volume \u00fanico. Como ningu\u00e9m vai ler mesmo, n\u00e3o h\u00e1 problema.<\/p>\n<p>Tenho a certeza de que ser\u00e1 uma experi\u00eancia \u00fanica e maravilhosa. Aos poucos, tudo se ajustar\u00e1! Ser\u00e3o dias muito especiais, inesquec\u00edveis. Mas o melhor de tudo \u00e9 que desta experi\u00eancia nascer\u00e3o obras de grande qualidade, mesmo que tenham de ser escritas nos seis meses posteriores.<\/p>\n","protected":false},"excerpt":{"rendered":"<p>> Esta postagem \u00e9 uma obra de n\u00e3o-fic\u00e7\u00e3o, que cita e parodia livremente um texto compartilhado na internet, com finalidade sat\u00edrica e sem fins lucrativos, ancorada na liberdade de express\u00e3o e no conceito do *fair use* (embora este ainda n\u00e3o seja consagrado em nossa legisla\u00e7\u00e3o, j\u00e1 o \u00e9 em nosso bom senso). Vem a\u00ed o mais imperd\u00edvel evento liter\u00e1rio de 2014. N\u00e3o, n\u00e3o estou falando de Bienal ou Feira do Livro, estou falando de uma novidade: um *reality-show* de escritores, sem a parte do *show*, [&hellip;]<\/p>\n","protected":false},"author":1,"featured_media":0,"comment_status":"open","ping_status":"open","sticky":false,"template":"","format":"standard","meta":[],"categories":[46],"tags":[109,132,55,93,87,7],"_links":{"self":[{"href":"http:\/\/www.letraseletricas.blog.br\/lit\/wp-json\/wp\/v2\/posts\/1587"}],"collection":[{"href":"http:\/\/www.letraseletricas.blog.br\/lit\/wp-json\/wp\/v2\/posts"}],"about":[{"href":"http:\/\/www.letraseletricas.blog.br\/lit\/wp-json\/wp\/v2\/types\/post"}],"author":[{"embeddable":true,"href":"http:\/\/www.letraseletricas.blog.br\/lit\/wp-json\/wp\/v2\/users\/1"}],"replies":[{"embeddable":true,"href":"http:\/\/www.letraseletricas.blog.br\/lit\/wp-json\/wp\/v2\/comments?post=1587"}],"version-history":[{"count":6,"href":"http:\/\/www.letraseletricas.blog.br\/lit\/wp-json\/wp\/v2\/posts\/1587\/revisions"}],"predecessor-version":[{"id":4707,"href":"http:\/\/www.letraseletricas.blog.br\/lit\/wp-json\/wp\/v2\/posts\/1587\/revisions\/4707"}],"wp:attachment":[{"href":"http:\/\/www.letraseletricas.blog.br\/lit\/wp-json\/wp\/v2\/media?parent=1587"}],"wp:term":[{"taxonomy":"category","embeddable":true,"href":"http:\/\/www.letraseletricas.blog.br\/lit\/wp-json\/wp\/v2\/categories?post=1587"},{"taxonomy":"post_tag","embeddable":true,"href":"http:\/\/www.letraseletricas.blog.br\/lit\/wp-json\/wp\/v2\/tags?post=1587"}],"curies":[{"name":"wp","href":"https:\/\/api.w.org\/{rel}","templated":true}]}}