{"id":249,"date":"2011-08-15T22:20:00","date_gmt":"2011-08-16T01:20:00","guid":{"rendered":"http:\/\/letraseletricas.blog.br\/lit\/?p=249"},"modified":"2017-11-02T14:09:09","modified_gmt":"2017-11-02T17:09:09","slug":"o-meu-melhor-amigo","status":"publish","type":"post","link":"http:\/\/www.letraseletricas.blog.br\/lit\/2011\/08\/o-meu-melhor-amigo\/","title":{"rendered":"O Meu Melhor Amigo"},"content":{"rendered":"<div class=\"epigraph\">Um conto pessimista escrito em 2003, em homenagem a um melhor amigo real, que n\u00e3o quebrou um bra\u00e7o, mas disse algumas das coisas que o personagem expressa.<\/div>\n<p>O meu melhor amigo voltou das f\u00e9rias ontem com um bra\u00e7o quebrado.\u202d \u202cNingu\u00e9m ainda parece haver notado nada de estranho nisso, \u202ccomo se f\u00e9rias normalmente quebrassem ossos.\u202d \u202cMas eu n\u00e3o me contenho de perguntar por que motivo algu\u00e9m voltaria do litoral com um membro na tip\u00f3ia.\u202d \u202cNada por\u00e9m que me leve a romper o sil\u00eancio que ele,\u202d \u202cpor motivos certamente justos,\u202d \u202cest\u00e1 mantendo.<\/p>\n<p>Hoje \u00e0 tarde eu fui visit\u00e1-lo.\u202d \u202cEncontrei-o regando as flores da irm\u00e3 no pequeno canteiro nos fundos de casa.\u202d \u202cNo momento em que entrei,\u202d \u202cmal o reconheci:\u202d \u202cnormalmente as pessoas voltam mesmo estranhas de suas f\u00e9rias,\u202d \u202cmas ele tinha algo mais.<\/p>\n<p>&#8212; \u200fEst\u00e1 dif\u00edcil voltar \u00e0quela\u202d \u202cvida de antes,\u202d \u202cmeu amigo.<\/p>\n<p>Aproveitei a deixa e perguntei o porqu\u00ea do bra\u00e7o.\u202d \u202cEle riu pragm\u00e1tico e respondeu que se me contasse a verdade n\u00e3o teria mais nenhuma gra\u00e7a,\u202d \u202cpois havia sido algo bem comum e idiota.<\/p>\n<p>&#8212; \u200fN\u00e3o foram as f\u00e9rias que me quebraram os ossos e nem \u00e9 o meu bra\u00e7o que me d\u00f3i nesse momento.<\/p>\n<p>Ele me olhou com um assomo de sorriso no canto externo do olho.<\/p>\n<p>&#8212; \u200fSinto-me prostitu\u00eddo cada vez que me sento naquela cadeira.\u202d \u202cE o pior \u00e9 que eu n\u00e3o consigo me desligar da lembran\u00e7a do viol\u00e3o.\u202d \u202cTrabalhar fica dif\u00edcil sem sonhos para fazer a gente esquecer esta desgra\u00e7a que \u00e9 viver nesta merda de mundo.\u202d \u202cJogar tudo para o alto e come\u00e7ar de novo \u00e9 algo que j\u00e1 assusta quando se passou dos trinta anos.\u202d \u202cDa\u00ed para frente algu\u00e9m aceita ser violado at\u00e9 nos \u00faltimos princ\u00edpios em nome de uma falsa seguran\u00e7a.\u202d \u202c\u00c9 a\u00ed que o homem descobre que deixou seus sonhos no sereno e eles foram roubados enquanto dormia.<\/p>\n<p>Para qu\u00ea eu tentaria convencer o meu amigo de algo que n\u00e3o creio eu\u202d? \u202cDerrapando na curva dos trinta tristes anos eu olho para tr\u00e1s com amargura e lamento a festa a que n\u00e3o fui,\u202d \u202cos beijos que n\u00e3o dei,\u202d \u202cas oportunidades que passaram por mim sem que eu me arrojasse.\u202d \u202cE principalmente lamento viver na casa de minha m\u00e3e e viver neste mundo de meu Deus onde j\u00e1 n\u00e3o se faz mais m\u00fasica e nem amores como antigamente.<\/p>\n<p>O meu amigo sabe,\u202d \u202ccomo eu,\u202d \u202cque \u00e9 tarde para lutar pelos velhos sonhos.\u202d \u202cEle j\u00e1 n\u00e3o ser\u00e1 o astro que quis ser e eu pressinto que nunca fui ou serei o escritor que o menino do interior ambicionava ser.\u202d \u202cOu simplesmente estamos convencidos dessas coisas.\u202d \u202cN\u00e3o h\u00e1 um Sistema para culpar,\u202d \u202cn\u00e3o houve conspira\u00e7\u00e3o alguma al\u00e9m da pr\u00f3pria vida contra n\u00f3s\u2026<\/p>\n<p>N\u00e3o vamos nascer de novo e nem vamos descobrir uma outra vida um belo dia.\u202d \u202cEst\u00e1vamos armados de falsas ilus\u00f5es que se perderam em fuma\u00e7a e agora eu cultivo uma barriga iniciante enquanto me prostituo em\u202d \u202c particulares.\u202d \u202cO meu amigo tem mais sorte:\u202d \u202crega flores e se senta atr\u00e1s da mesa de uma reparti\u00e7\u00e3o p\u00fablica.<\/p>\n<p>Mas n\u00e3o nos est\u00e1 sendo f\u00e1cil exorcizar o viol\u00e3o e o livro.<\/p>\n","protected":false},"excerpt":{"rendered":"<p>Um conto pessimista escrito em 2003, em homenagem a um melhor amigo real, que n\u00e3o quebrou um bra\u00e7o, mas disse algumas das coisas que o personagem expressa. O meu melhor amigo voltou das f\u00e9rias ontem com um bra\u00e7o quebrado.\u202d \u202cNingu\u00e9m ainda parece haver notado nada de estranho nisso, \u202ccomo se f\u00e9rias normalmente quebrassem ossos.\u202d \u202cMas eu n\u00e3o me contenho de perguntar por que motivo algu\u00e9m voltaria do litoral com um membro na tip\u00f3ia.\u202d \u202cNada por\u00e9m que me leve a romper o sil\u00eancio que ele,\u202d \u202cpor [&hellip;]<\/p>\n","protected":false},"author":1,"featured_media":0,"comment_status":"open","ping_status":"open","sticky":false,"template":"","format":"standard","meta":[],"categories":[149],"tags":[67,63,47],"_links":{"self":[{"href":"http:\/\/www.letraseletricas.blog.br\/lit\/wp-json\/wp\/v2\/posts\/249"}],"collection":[{"href":"http:\/\/www.letraseletricas.blog.br\/lit\/wp-json\/wp\/v2\/posts"}],"about":[{"href":"http:\/\/www.letraseletricas.blog.br\/lit\/wp-json\/wp\/v2\/types\/post"}],"author":[{"embeddable":true,"href":"http:\/\/www.letraseletricas.blog.br\/lit\/wp-json\/wp\/v2\/users\/1"}],"replies":[{"embeddable":true,"href":"http:\/\/www.letraseletricas.blog.br\/lit\/wp-json\/wp\/v2\/comments?post=249"}],"version-history":[{"count":3,"href":"http:\/\/www.letraseletricas.blog.br\/lit\/wp-json\/wp\/v2\/posts\/249\/revisions"}],"predecessor-version":[{"id":4901,"href":"http:\/\/www.letraseletricas.blog.br\/lit\/wp-json\/wp\/v2\/posts\/249\/revisions\/4901"}],"wp:attachment":[{"href":"http:\/\/www.letraseletricas.blog.br\/lit\/wp-json\/wp\/v2\/media?parent=249"}],"wp:term":[{"taxonomy":"category","embeddable":true,"href":"http:\/\/www.letraseletricas.blog.br\/lit\/wp-json\/wp\/v2\/categories?post=249"},{"taxonomy":"post_tag","embeddable":true,"href":"http:\/\/www.letraseletricas.blog.br\/lit\/wp-json\/wp\/v2\/tags?post=249"}],"curies":[{"name":"wp","href":"https:\/\/api.w.org\/{rel}","templated":true}]}}