{"id":2668,"date":"2015-06-28T21:05:55","date_gmt":"2015-06-29T00:05:55","guid":{"rendered":"http:\/\/www.letraseletricas.blog.br\/lit\/?p=2668"},"modified":"2017-11-23T21:46:38","modified_gmt":"2017-11-24T00:46:38","slug":"artistas-devem-ser-progressistas","status":"publish","type":"post","link":"http:\/\/www.letraseletricas.blog.br\/lit\/2015\/06\/artistas-devem-ser-progressistas\/","title":{"rendered":"Artistas Devem Ser Progressistas?"},"content":{"rendered":"<p>Caetano Veloso, que j\u00e1 foi melhor sintonizado com tal \u201cesp\u00edrito do tempo\u201d, indagou dia desses se \u00e9 preciso que o artista seja progressista. A pergunta, claro, surgiu por causa da campanha feita por alguns artistas \u2015 entre eles Roger Waters \u2015 para que ele e Gilberto Gil n\u00e3o participassem de um festival de m\u00fasica em Israel. Embora eu acredite que o artista tenha o direito de tocar em Israel se quiser, a maneira como Caetano reagiu \u00e0 cobran\u00e7a que lhe fizeram foi extremamente danosa \u00e0 sua biografia:<\/p>\n<blockquote><p>\n  Alguns colegas nossos s\u00e3o l\u00edderes de atitudes reacion\u00e1rias p\u00fablicas. Por que artista tem que ser de esquerda ou progressista? Isso \u00e9 besteira. Eu sempre achei besteira. Esse neg\u00f3cio de que voc\u00ea tem que ser atrelado automaticamente est\u00e1 errado.\n<\/p><\/blockquote>\n<p>Em primeiro lugar, claro, o artista n\u00e3o tem que ser <em>progressista<\/em> \u2015 seja l\u00e1 o que for que Caetano quis dizer com o termo. A hist\u00f3ria de todas as artes est\u00e1 recheada de gente conservadora, reacion\u00e1ria, obscurantista etc. Artistas s\u00e3o pessoas que fazem arte. Pessoas s\u00e3o boas ou m\u00e1s conforme circunst\u00e2ncias, raramente algu\u00e9m \u00e9 uma coisa s\u00f3 pela vida toda. Fazer arte n\u00e3o eleva ningu\u00e9m moralmente acima do restante da humanidade, n\u00e3o gera nenhuma obriga\u00e7\u00e3o moral com o mundo. Portanto, que Caetano Veloso durma tranquilo: em nada afeta a sua arte ele ser um progressista ou outra coisa. O problema de que Caetano tentou fugir n\u00e3o \u00e9 uma quest\u00e3o art\u00edstica, mas \u00e9tica.<\/p>\n<p>\u00c9tica \u00e9 uma dessas coisas que todo mundo acha que sabe o que \u00e9, mas ningu\u00e9m realmente explica. Minha defini\u00e7\u00e3o pessoal, com base no que j\u00e1 li do assunto, \u00e9 a de que <em>\u00e9tica<\/em> consiste naquilo que pode ser aceito como apropriado a um contexto, de uma forma universal. Ou seja: diferentes pessoas, de diferentes culturas, ter\u00e3o opini\u00e3o semelhante sobre o mesmo caso, em um mesmo contexto. Por exemplo: a filmagem de uma crian\u00e7a sendo espancada na rua causar\u00e1 rea\u00e7\u00f5es negativas de toda e qualquer pessoa, de toda e qualquer cultura, que n\u00e3o seja ela mesma isenta de \u00e9tica. Agredir gratuitamente a crian\u00e7a ser\u00e1 considerado anti\u00e9tico pelas pessoas \u00e9ticas da R\u00fassia, da Col\u00f4mbia, do Jap\u00e3o, do Brasil, da \u00cdndia, da B\u00f3snia, do Ir\u00e3 e at\u00e9 de Marte. Em cada um desses lugares haver\u00e1, claro, pessoas que aplaudir\u00e3o o espancamento, mas o que d\u00e1 universalidade \u00e0 \u00e9tica n\u00e3o \u00e9 ela ser aceita por todos os seres humanos, mas ser aceita em todas as culturas pelas pessoas que possuam valores positivos. Filhos da puta existem no mundo inteiro, e o que eles pensam sobre bater em crian\u00e7as n\u00e3o altera em nada os aspectos \u00e9ticos envolvidos.<\/p>\n<p>Se ele tivesse defendido sua ida ao festival, ningu\u00e9m poderia questionar a sua \u00e9tica. Afinal, \u00e9 poss\u00edvel justificar eticamente muita coisa que aparentemente \u00e9 injustific\u00e1vel. Ele poderia ir a Israel para \u201clevar uma mensagem de toler\u00e2ncia\u201d, poderia dizer que espera que a ida de mais artistas ao pa\u00eds ajude a dar mais cosmopolitismo \u00e0 sua cultura, poderia achar v\u00e1rios modos, enfim, de apresentar sua ida ao festival como algo \u00e9tico&hellip; at\u00e9 progressista. Ou poderia dizer, simplesmente, que precisa do dinheiro. Ou poderia n\u00e3o dizer nada.<\/p>\n<p>Mas ao escolher confrontar as cobran\u00e7as com essa indaga\u00e7\u00e3o, escorregou feio. Porque ningu\u00e9m lhe cobrou que fosse de esquerda ou direita, nem que se atrelasse automaticamente a coisa alguma. Foi-lhe feito um apelo em nome de uma causa, foram apresentados argumentos, que ele preferiu ignorar, sem dar satisfa\u00e7\u00e3o. Considerando quem Caetano Veloso foi, no passado, sua rea\u00e7\u00e3o \u00e9 decepcionante porque recuou de ideais que tinha. O homem que comp\u00f4s &#8220;Podres Poderes&#8221; agora se coloca em uma posi\u00e7\u00e3o conservadora, negando que haja persegui\u00e7\u00e3o contra as religi\u00f5es afro-brasileiras, e se contenta com uma postura alienada: <em>Eu, pessoalmente, n\u00e3o penso em fazer nada [nenhuma manifesta\u00e7\u00e3o pol\u00edtica]. Eu penso em fazer o <\/em><em>show<\/em>.<\/p>\n<p>Realmente o artista n\u00e3o tem obriga\u00e7\u00e3o de aliar-se a nenhuma ideologia espec\u00edfica, mas o que todos esperamos de pessoas p\u00fablicas \u00e9 que sejam coerentes com as suas biografias. A atitude de Caetano e Gil, insistindo em ir mesmo diante de educados e respeitosos pedidos para n\u00e3o irem, revela um fechamento ao contradit\u00f3rio, uma recusa a ponderar, um <em>autoritarismo<\/em> que, no caso de Caetano, j\u00e1 se manifesta h\u00e1 alguns anos.  O que Caetano acabou dizendo, e isso, sim, foi danoso \u00e0 sua imagem, \u00e9 que o artista n\u00e3o precisa ter preocupa\u00e7\u00f5es \u00e9ticas e nem precisa ser sujeito do mundo, contentando-se com uma postura subserviente, sem questionamentos. Um covarde, enfim, provavelmente preocupado apenas com quanto vai ganhar.<\/p>\n<p>Eu confesso que mesmo essa atitude n\u00e3o denigre a obra de um artista, mas como a gente estranha que este discurso saia da boca do autor de tantas can\u00e7\u00f5es afiadas!<\/p>\n","protected":false},"excerpt":{"rendered":"<p>Caetano Veloso, que j\u00e1 foi melhor sintonizado com tal \u201cesp\u00edrito do tempo\u201d, indagou dia desses se \u00e9 preciso que o artista seja progressista. A pergunta, claro, surgiu por causa da campanha feita por alguns artistas \u2015 entre eles Roger Waters \u2015 para que ele e Gilberto Gil n\u00e3o participassem de um festival de m\u00fasica em Israel. Embora eu acredite que o artista tenha o direito de tocar em Israel se quiser, a maneira como Caetano reagiu \u00e0 cobran\u00e7a que lhe fizeram foi extremamente danosa \u00e0 [&hellip;]<\/p>\n","protected":false},"author":1,"featured_media":0,"comment_status":"open","ping_status":"open","sticky":false,"template":"","format":"standard","meta":[],"categories":[183],"tags":[26,57,68],"_links":{"self":[{"href":"http:\/\/www.letraseletricas.blog.br\/lit\/wp-json\/wp\/v2\/posts\/2668"}],"collection":[{"href":"http:\/\/www.letraseletricas.blog.br\/lit\/wp-json\/wp\/v2\/posts"}],"about":[{"href":"http:\/\/www.letraseletricas.blog.br\/lit\/wp-json\/wp\/v2\/types\/post"}],"author":[{"embeddable":true,"href":"http:\/\/www.letraseletricas.blog.br\/lit\/wp-json\/wp\/v2\/users\/1"}],"replies":[{"embeddable":true,"href":"http:\/\/www.letraseletricas.blog.br\/lit\/wp-json\/wp\/v2\/comments?post=2668"}],"version-history":[{"count":6,"href":"http:\/\/www.letraseletricas.blog.br\/lit\/wp-json\/wp\/v2\/posts\/2668\/revisions"}],"predecessor-version":[{"id":5664,"href":"http:\/\/www.letraseletricas.blog.br\/lit\/wp-json\/wp\/v2\/posts\/2668\/revisions\/5664"}],"wp:attachment":[{"href":"http:\/\/www.letraseletricas.blog.br\/lit\/wp-json\/wp\/v2\/media?parent=2668"}],"wp:term":[{"taxonomy":"category","embeddable":true,"href":"http:\/\/www.letraseletricas.blog.br\/lit\/wp-json\/wp\/v2\/categories?post=2668"},{"taxonomy":"post_tag","embeddable":true,"href":"http:\/\/www.letraseletricas.blog.br\/lit\/wp-json\/wp\/v2\/tags?post=2668"}],"curies":[{"name":"wp","href":"https:\/\/api.w.org\/{rel}","templated":true}]}}