{"id":3015,"date":"2016-09-22T20:33:33","date_gmt":"2016-09-22T23:33:33","guid":{"rendered":"http:\/\/www.letraseletricas.blog.br\/lit\/?p=3015"},"modified":"2017-11-02T14:07:59","modified_gmt":"2017-11-02T17:07:59","slug":"ha-escritores-que-sao-burros","status":"publish","type":"post","link":"http:\/\/www.letraseletricas.blog.br\/lit\/2016\/09\/ha-escritores-que-sao-burros\/","title":{"rendered":"H\u00e1 Escritores Que S\u00e3o Burros"},"content":{"rendered":"<p>Vou come\u00e7ar a patrulhar minha timeline em busca de escritores que defendem essa reforma educacional s\u00f3 para ter o prazer de cham\u00e1-los de burros.<\/p>\n<p>Algu\u00e9m que trabalha com cultura ou \u00e9 da \u00e1rea educacional e defende essa monstruosidade enfiada pela goela abaixo do pa\u00eds merece ganhar de Natal quatro ferraduras.<\/p>\n<p>\u00c9 estarrecedor ver gente da \u00e1rea educacional ou cultural defender, por raz\u00f5es ideol\u00f3gicas, um projeto que piora ainda mais os PCN e vai na contram\u00e3o de tudo que se pensou de modernidade em educa\u00e7\u00e3o nas \u00faltimas d\u00e9cadas.<\/p>\n<p>Um projeto t\u00e3o regressista quanto a reforma educacional da ditadura. Praticamente um projeto para impedir que as futuras gera\u00e7\u00f5es tenham uma educa\u00e7\u00e3o de qualidade.<\/p>\n<p>Trata-se da instrumentaliza\u00e7\u00e3o do Ensino M\u00e9dio, removendo dele todo car\u00e1ter reflexivo e cr\u00edtico &#8212; que j\u00e1 n\u00e3o funcionava porque o nosso sistema educacional \u00e9 calamitoso, mas FORMALIZAR isso como PLANO \u00e9 como legalizar o assassinato porque a pol\u00edcia n\u00e3o d\u00e1 conta de prevenir.<\/p>\n<p>Esse governo j\u00e1 \u00e9 mais nocivo ao pa\u00eds do que aquele imposto pelo golpe de 1964.<\/p>\n<p>E se voc\u00ea ficou ofendido, n\u00e3o me importa. Eu n\u00e3o quero ser amigo de quem defende ISSO.<\/p>\n<p>Eu escolho n\u00e3o ser amigo de pessoas que defendem o aborto do futuro do pa\u00eds.<\/p>\n<p>N\u00e3o ligo se voc\u00ea fizer que nem o Paulo Coelho e me puser na sua lista negra. Sou um autor amador justamente para ter a liberdade de mandar voc\u00ea, calhorda, \u00e0s favas.<\/p>\n","protected":false},"excerpt":{"rendered":"<p>Vou come\u00e7ar a patrulhar minha timeline em busca de escritores que defendem essa reforma educacional s\u00f3 para ter o prazer de cham\u00e1-los de burros. Algu\u00e9m que trabalha com cultura ou \u00e9 da \u00e1rea educacional e defende essa monstruosidade enfiada pela goela abaixo do pa\u00eds merece ganhar de Natal quatro ferraduras. \u00c9 estarrecedor ver gente da \u00e1rea educacional ou cultural defender, por raz\u00f5es ideol\u00f3gicas, um projeto que piora ainda mais os PCN e vai na contram\u00e3o de tudo que se pensou de modernidade em educa\u00e7\u00e3o nas [&hellip;]<\/p>\n","protected":false},"author":1,"featured_media":0,"comment_status":"open","ping_status":"open","sticky":false,"template":"","format":"standard","meta":[],"categories":[183],"tags":[72,57],"_links":{"self":[{"href":"http:\/\/www.letraseletricas.blog.br\/lit\/wp-json\/wp\/v2\/posts\/3015"}],"collection":[{"href":"http:\/\/www.letraseletricas.blog.br\/lit\/wp-json\/wp\/v2\/posts"}],"about":[{"href":"http:\/\/www.letraseletricas.blog.br\/lit\/wp-json\/wp\/v2\/types\/post"}],"author":[{"embeddable":true,"href":"http:\/\/www.letraseletricas.blog.br\/lit\/wp-json\/wp\/v2\/users\/1"}],"replies":[{"embeddable":true,"href":"http:\/\/www.letraseletricas.blog.br\/lit\/wp-json\/wp\/v2\/comments?post=3015"}],"version-history":[{"count":4,"href":"http:\/\/www.letraseletricas.blog.br\/lit\/wp-json\/wp\/v2\/posts\/3015\/revisions"}],"predecessor-version":[{"id":5217,"href":"http:\/\/www.letraseletricas.blog.br\/lit\/wp-json\/wp\/v2\/posts\/3015\/revisions\/5217"}],"wp:attachment":[{"href":"http:\/\/www.letraseletricas.blog.br\/lit\/wp-json\/wp\/v2\/media?parent=3015"}],"wp:term":[{"taxonomy":"category","embeddable":true,"href":"http:\/\/www.letraseletricas.blog.br\/lit\/wp-json\/wp\/v2\/categories?post=3015"},{"taxonomy":"post_tag","embeddable":true,"href":"http:\/\/www.letraseletricas.blog.br\/lit\/wp-json\/wp\/v2\/tags?post=3015"}],"curies":[{"name":"wp","href":"https:\/\/api.w.org\/{rel}","templated":true}]}}