{"id":321,"date":"2011-03-23T23:11:00","date_gmt":"2011-03-24T02:11:00","guid":{"rendered":"http:\/\/letraseletricas.blog.br\/lit\/?p=321"},"modified":"2017-11-02T14:09:16","modified_gmt":"2017-11-02T17:09:16","slug":"o-blog-de-um-milhao-de-reais","status":"publish","type":"post","link":"http:\/\/www.letraseletricas.blog.br\/lit\/2011\/03\/o-blog-de-um-milhao-de-reais\/","title":{"rendered":"O Blog de Um Milh\u00e3o de Reais"},"content":{"rendered":"<div class=\"epigraph\">Nem s\u00f3 de p\u00e3o viver\u00e1 o pol\u00edtico,<br \/>\nMas de toda verba que saia do bolso do povo.<br \/>\n&mdash; Novos Prov\u00e9rbios de J\u00e9sus Cristino.<\/div>\n<p>Maria Beth\u00e2nia atraiu uma grande rea\u00e7\u00e3o quando &#8220;se soube&#8221; que ela teria apresentado ao Minist\u00e9rio da Cultura um projeto para desenvolver um <em>blog<\/em> de poesia e obtido uma licen\u00e7a para captar R$\u00a01.300.000,00 (coloquei assim, com todos os zeros, para que voc\u00eas possam tentar visualizar melhor a cifra). Seguiu-se grande indigna\u00e7\u00e3o pilotada pela m\u00eddia amestrada (aquela que abana o rabo quando lhe mostram o osso de uma pol\u00eamica) e surgiram desmentidos e explica\u00e7\u00f5es. Parece, isto \u00e9, &#8220;parece&#8221; que tal cifra n\u00e3o se refere \u00e0 &#8220;recursos federais&#8221; mas a uma &#8220;autoriza\u00e7\u00e3o para capta\u00e7\u00e3o de recursos&#8221; junto a patrocinadores, usando a Lei de Incentivo \u00e0 Cultura. Assim, tenho feito esta breve apresenta\u00e7\u00e3o do caso, acompanhada das devidas considera\u00e7\u00f5es necess\u00e1rias para que eu n\u00e3o recaia em qualquer afirma\u00e7\u00e3o que sim ou que n\u00e3o (palavras estas, ambas, inexistentes no vocabul\u00e1rio do leg\u00edtimo mineiro pol\u00edtico).<\/p>\n<p>Mas o caso deste post n\u00e3o \u00e9 coment\u00e1rio sobre a moralidade envolta no caso, ou poss\u00edvel falta disto. N\u00e3o me julgo \u00e1rbitro capaz da moral alheia, tanto que, ali\u00e1s, nem acho que &#8220;moral&#8221; exista a n\u00e3o ser nos catecismos \u2014 e estes, v\u00f3s todos sabeis, n\u00e3o fazem parte de minha biblioteca. O caso deste texto \u00e9 mais intang\u00edvel porque, de fato, em toda essa hist\u00f3ria, o proverbial e metaf\u00f3rico buraco \u00e9 muito mais embaixo.<\/p>\n<p>No centro desta quest\u00e3o h\u00e1 um fato: n\u00e3o se d\u00e1 valor nenhum \u00e0 poesia nesse pa\u00eds. Tivesse Maria Beth\u00e2nia se proposto a fazer um blog sobre pol\u00edtica ou sobre viagens de f\u00e9rias e certamente muita gente teria protestado menos, ou at\u00e9 aplaudido. O que eu detectei em muitos dos mais venenosos coment\u00e1rios foi o esc\u00e2ndalo pelo fato de algu\u00e9m, em algum lugar em Bras\u00edlia, ter considerado que poesia valha um milh\u00e3o de reais.<\/p>\n<p>De fato \u00e9 surpreendente que em Bras\u00edlia, cidade erguida em material antial\u00e9rgico sobre uma superf\u00edcie devidamente esterilizada, existam pessoas com tal considera\u00e7\u00e3o pela poesia. C\u00e1 de longe a maioria das pessoas n\u00e3o sup\u00f5e que exista sensibilidade em Bras\u00edlia, apenas pol\u00edticos e filhos da classe m\u00e9dia que queimam \u00edndios para passar o tempo. A not\u00edcia, portanto, traz embutido um alento: talvez Bras\u00edlia n\u00e3o seja um caso perdido, pois a cidade onde h\u00e1 pessoas que acham que a poesia vale um milh\u00e3o de reais \u00e9 um lugar que certamente merece considera\u00e7\u00f5es.<\/p>\n<p>Mas o espanto teria sido o mesmo se n\u00e3o tivesse vindo de Bras\u00edlia. Porque o problema do povo n\u00e3o \u00e9 com a capital, mas com a poesia. Onde j\u00e1 se viu algu\u00e9m achar que poesia vale tanto. &#8220;Com tanta gente passando fome&#8221;, certamente em algum lugar algum bo\u00e7al est\u00e1 pensando. Bo\u00e7ais s\u00e3o pessoas que mesmo sendo crentes de carteirinha ignoram que o pr\u00f3prio Jesus teria dito que &#8220;nem s\u00f3 de p\u00e3o vive o homem&#8221;. Vive o homem tamb\u00e9m de poesia.<\/p>\n<p>Mas as pessoas, algumas devidamente providas de suposta cultura que lhes capacitaria a n\u00e3o pensar de forma t\u00e3o autom\u00e1tica e de forma t\u00e3o alinhada com os preconceitos autom\u00e1ticos do vulgo, se surpreenderam  com isso: &#8220;Ora, bolas, um milh\u00e3o de reais para declamar poesia? Que absurdo!&#8221;<\/p>\n<p>Essa gente, decerto, n\u00e3o acha errado que um jogador de futebol iletrado e n\u00e3o necessariamente talentoso ganhe mais que o Presidente da Rep\u00fablica ou que um ogro sem dic\u00e7\u00e3o e sem cultura musical enrique\u00e7a berrando palavr\u00f5es a que certo tipo de &#8220;gente&#8221; chama de &#8220;m\u00fasica&#8221;. O problema n\u00e3o est\u00e1 em receber um milh\u00e3o de reais, \u00e9 receber tal soma em troca de poesia. Se fosse em troca de coca\u00edna haveria quem abrisse a boca admirado. Se fosse em troca de fazer um filme porn\u00f4, haveria quem achasse &#8220;sensato&#8221;. Mas ganhar dinheiro com poesia? Onde j\u00e1 se viu isso? Poeta n\u00e3o tem que morrer louco e faminto?<\/p>\n<p>Na mente de muitas pessoas n\u00e3o h\u00e1 lugar para a poesia \u2014 e consequentemente n\u00e3o lhe d\u00e3o valor. Se Bet\u00e2nia estivesse pedindo seu milh\u00e3o de reais para fazer um desses &#8220;projetos sociais&#8221; com crian\u00e7as carentes n\u00e3o haveria uma s\u00f3 voz de cr\u00edtica. \u00c9 com demagogia assim que as pessoas sem talento infundem complexo de culpa nos menos espertos: &#8220;como voc\u00ea ousa criticar o Vadico do Cavaco assim, ele tem um projeto social com crian\u00e7as cancerosas e voc\u00ea n\u00e3o faz nada pelos outros.&#8221; Foda-se quem pensa assim, as pessoas devem ganhar dinheiro fazendo o que se prop\u00f5em a fazer. Maria Beth\u00e2nia faz m\u00fasica, faz poesia, faz cultura. Ela n\u00e3o precisa beijar crian\u00e7a ranhenta para mendigar patroc\u00ednio. Pessoas como ela s\u00e3o (ou deveriam ser) um patrim\u00f4nio da cultura nacional. Maria Beth\u00e2nia sequer precisaria pedir esse dinheiro: em um pa\u00eds s\u00e9rio isso lhe seria espontaneamente ofertado.<\/p>\n<p>\u00c9 incr\u00edvel como as pessoas chegam a pensar que fazer e distribuir poesia nesse mundo t\u00e3o carente dela seja &#8220;absurdo&#8221;. Talvez se houvesse nesse pa\u00eds um pouco mais de poesia haveria um pouco menos de fome. Quando matam a poesia, vai junto a consci\u00eancia de um povo, e da\u00ed se pode impunemente resvalar na superficialidade e no ego\u00edsmo. Da\u00ed se pode chegar ao ponto de vivermos de apar\u00eancias e de fingimentos. Quanta gente famosa por a\u00ed n\u00e3o finge que canta, que atua, que escreve\u2026 A cultura passa a ser mercadoria, passa a ser uma maneira de canalizar dinheiro, uma ind\u00fastria. Mas a poesia, nas m\u00e3os de uma pessoa cuja vida construiu a dignidade que deveria ser suficiente para estar acima destas l\u00ednguas sujas que a vituperam, n\u00e3o vale um milh\u00e3o de reais.<\/p>\n","protected":false},"excerpt":{"rendered":"<p>Maria Beth\u00e2nia atraiu uma grande rea\u00e7\u00e3o quando &#8220;se soube&#8221; que ela teria apresentado ao Minist\u00e9rio da Cultura um projeto para desenvolver um *blog* de poesia e obtido uma licen\u00e7a para captar R$\u00a01.300.000,00 (coloquei assim, com todos os zeros, para que voc\u00eas possam tentar visualizar melhor a cifra). Seguiu-se grande indigna\u00e7\u00e3o pilotada pela m\u00eddia amestrada (aquela que abana o rabo quando lhe mostram o osso de uma pol\u00eamica) e surgiram desmentidos e explica\u00e7\u00f5es. [&#8230;]<\/p>\n","protected":false},"author":1,"featured_media":0,"comment_status":"open","ping_status":"open","sticky":false,"template":"","format":"standard","meta":[],"categories":[46],"tags":[88,87,105,11,68],"_links":{"self":[{"href":"http:\/\/www.letraseletricas.blog.br\/lit\/wp-json\/wp\/v2\/posts\/321"}],"collection":[{"href":"http:\/\/www.letraseletricas.blog.br\/lit\/wp-json\/wp\/v2\/posts"}],"about":[{"href":"http:\/\/www.letraseletricas.blog.br\/lit\/wp-json\/wp\/v2\/types\/post"}],"author":[{"embeddable":true,"href":"http:\/\/www.letraseletricas.blog.br\/lit\/wp-json\/wp\/v2\/users\/1"}],"replies":[{"embeddable":true,"href":"http:\/\/www.letraseletricas.blog.br\/lit\/wp-json\/wp\/v2\/comments?post=321"}],"version-history":[{"count":3,"href":"http:\/\/www.letraseletricas.blog.br\/lit\/wp-json\/wp\/v2\/posts\/321\/revisions"}],"predecessor-version":[{"id":4955,"href":"http:\/\/www.letraseletricas.blog.br\/lit\/wp-json\/wp\/v2\/posts\/321\/revisions\/4955"}],"wp:attachment":[{"href":"http:\/\/www.letraseletricas.blog.br\/lit\/wp-json\/wp\/v2\/media?parent=321"}],"wp:term":[{"taxonomy":"category","embeddable":true,"href":"http:\/\/www.letraseletricas.blog.br\/lit\/wp-json\/wp\/v2\/categories?post=321"},{"taxonomy":"post_tag","embeddable":true,"href":"http:\/\/www.letraseletricas.blog.br\/lit\/wp-json\/wp\/v2\/tags?post=321"}],"curies":[{"name":"wp","href":"https:\/\/api.w.org\/{rel}","templated":true}]}}