{"id":413,"date":"2010-09-23T07:28:00","date_gmt":"2010-09-23T10:28:00","guid":{"rendered":"http:\/\/letraseletricas.blog.br\/lit\/?p=413"},"modified":"2017-11-02T14:09:22","modified_gmt":"2017-11-02T17:09:22","slug":"o-fascinio-do-latim","status":"publish","type":"post","link":"http:\/\/www.letraseletricas.blog.br\/lit\/2010\/09\/o-fascinio-do-latim\/","title":{"rendered":"O Fasc\u00ednio do Latim"},"content":{"rendered":"<p>Os homens de lodo e de sono<br \/>\naguardam o fim da \u00faltima vela<br \/>\nrepetindo com vozes defuntas<br \/>\nsuas preces de cor sem sentido.<\/p>\n<p>O fasc\u00ednio do latim est\u00e1 perdido<br \/>\ne a for\u00e7a do fant\u00e1stico apagou-se,<br \/>\nnenhum Aquiles romper\u00e1 o nada<br \/>\npara lutar contra palavras ocas.<\/p>\n<p>A Torre de Marfim sofreu o golpe,<br \/>\nos que nela vivem se espantam,<br \/>\nmas as plantas crescem sem Plat\u00e3o<br \/>\ne os p\u00e1ssaros n\u00e3o ouvem Nietzsche.<\/p>\n<p>De dentro do esterco nasce a rosa,<br \/>\nde dentro dos ru\u00eddos, por\u00e9m, nada.<br \/>\nNada nas cores deste dia a certeza<br \/>\nde que este esterco \u00e9 est\u00e9ril.<\/p>\n<p>Os frisos de Atenas s\u00e3o vendidos<br \/>\nem c\u00f3pias pl\u00e1sticas baratas,<br \/>\ntenho Tutanc\u00e2mon em um quadro<br \/>\ne o Disc\u00f3bolo num livro.<\/p>\n<p>E tudo tem o seu lugar correto,<br \/>\nnesta catedral de gostos mortos<br \/>\ne de dons posti\u00e7os.<\/p>\n<p>N\u00e3o tenho mem\u00f3ria de ter sido,<br \/>\nmas tenho palavras com que cavo<br \/>\nsaudades falsas de enfeite para o livro.<\/p>\n<p>Belas palavras que acendem-me<br \/>\na vontade de ter acontecido,<br \/>\nmas isso n\u00e3o basta que me fa\u00e7a<br \/>\nmais que um tolo com sede de sentido.<\/p>\n","protected":false},"excerpt":{"rendered":"<p>Os homens de lodo e de sono aguardam o fim da \u00faltima vela repetindo com vozes defuntas suas preces de cor sem sentido. O fasc\u00ednio do latim est\u00e1 perdido e a for\u00e7a do fant\u00e1stico apagou-se, nenhum Aquiles romper\u00e1 o nada para lutar contra palavras ocas. A Torre de Marfim sofreu o golpe, os que nela vivem se espantam, mas as plantas crescem sem Plat\u00e3o e os p\u00e1ssaros n\u00e3o ouvem Nietzsche. De dentro do esterco nasce a rosa, de dentro dos ru\u00eddos, por\u00e9m, nada. Nada nas [&hellip;]<\/p>\n","protected":false},"author":1,"featured_media":0,"comment_status":"open","ping_status":"open","sticky":false,"template":"","format":"standard","meta":[],"categories":[51],"tags":[99,71],"_links":{"self":[{"href":"http:\/\/www.letraseletricas.blog.br\/lit\/wp-json\/wp\/v2\/posts\/413"}],"collection":[{"href":"http:\/\/www.letraseletricas.blog.br\/lit\/wp-json\/wp\/v2\/posts"}],"about":[{"href":"http:\/\/www.letraseletricas.blog.br\/lit\/wp-json\/wp\/v2\/types\/post"}],"author":[{"embeddable":true,"href":"http:\/\/www.letraseletricas.blog.br\/lit\/wp-json\/wp\/v2\/users\/1"}],"replies":[{"embeddable":true,"href":"http:\/\/www.letraseletricas.blog.br\/lit\/wp-json\/wp\/v2\/comments?post=413"}],"version-history":[{"count":2,"href":"http:\/\/www.letraseletricas.blog.br\/lit\/wp-json\/wp\/v2\/posts\/413\/revisions"}],"predecessor-version":[{"id":2265,"href":"http:\/\/www.letraseletricas.blog.br\/lit\/wp-json\/wp\/v2\/posts\/413\/revisions\/2265"}],"wp:attachment":[{"href":"http:\/\/www.letraseletricas.blog.br\/lit\/wp-json\/wp\/v2\/media?parent=413"}],"wp:term":[{"taxonomy":"category","embeddable":true,"href":"http:\/\/www.letraseletricas.blog.br\/lit\/wp-json\/wp\/v2\/categories?post=413"},{"taxonomy":"post_tag","embeddable":true,"href":"http:\/\/www.letraseletricas.blog.br\/lit\/wp-json\/wp\/v2\/tags?post=413"}],"curies":[{"name":"wp","href":"https:\/\/api.w.org\/{rel}","templated":true}]}}