{"id":4196,"date":"2017-04-17T15:14:11","date_gmt":"2017-04-17T18:14:11","guid":{"rendered":"http:\/\/www.letraseletricas.blog.br\/lit\/?p=4196"},"modified":"2017-11-02T14:07:53","modified_gmt":"2017-11-02T17:07:53","slug":"a-geracao-do-foda-se","status":"publish","type":"post","link":"http:\/\/www.letraseletricas.blog.br\/lit\/2017\/04\/a-geracao-do-foda-se\/","title":{"rendered":"A Gera\u00e7\u00e3o do &#8220;Foda-se&#8221;"},"content":{"rendered":"<p>Coment\u00e1rio lido em uma rede social a respeito dos m\u00e9dicos capixabas que tiraram fotos de cal\u00e7as arriadas e fazendo gestos obscenos e publicaram na Internet:<\/p>\n<blockquote>\n<p>FODA-SE o trauma que isso desperta em alguem&#8230;<\/p>\n<\/blockquote>\n<p>Minha rea\u00e7\u00e3o a este coment\u00e1rio inacredit\u00e1vel foi esta:<\/p>\n<p>Esse pensamento pode at\u00e9 ser aceit\u00e1vel na boca de uma pessoa qualquer, mas nunca na cabe\u00e7a ou na boca de um m\u00e9dico.<\/p>\n<p>Um profissional de sa\u00fade \u00e9 algu\u00e9m que deve possuir e demonstrar tr\u00eas coisas que voc\u00ea, por esta frase, demonstrou nem saber o que \u00e9:<\/p>\n<ol>\n<li>sensibilidade<\/li>\n<li>\u00e9tica<\/li>\n<li>responsabilidade<\/li>\n<\/ol>\n<p>Sensibilidade significa que o profissional de sa\u00fade n\u00e3o deve fazer publicamente nada que possa causar desconforto aos paciente.<\/p>\n<p>\u00c9tica significa (entre outras coisas) que o profissional de sa\u00fade n\u00e3o deve fazer nada que cause preju\u00edzos ao paciente.<\/p>\n<p>Responsabilidade significa que o profissional de sa\u00fade n\u00e3o pode agir de forma unilateral, sem pensar nas consequ\u00eancias de seus atos.<\/p>\n<p>Ali\u00e1s, nenhum adulto deveria agir assim.<\/p>\n<p>Eu sou do tempo em que a marca da idade adulta era quando voc\u00ea, supostamente, passava a agir com responsabilidade.<\/p>\n<p>Hoje em dia, infelizmente, parece que se almeja ao direito da eterna irresponsabilidade. O direito ao foda-se.<\/p>\n<p>Ser respons\u00e1vel \u00e9 ser &#8220;quadrado&#8221;, \u00e9 ser &#8220;bitolado&#8221;. Para ser livre voc\u00ea deve ser irrespons\u00e1vel.<\/p>\n<p>E foda-se quem achar que voc\u00ea est\u00e1 errado.<\/p>\n<p>O tenho a lhe dizer \u00e9 que voc\u00ea \u00e9 parte do que est\u00e1 errado nesse pa\u00eds.<\/p>\n<p>A imaturidade dos adultos ainda nos custa muito.<br \/>\nA superficialidade de gente que n\u00e3o pensa em consequ\u00eancias do que faz. Que n\u00e3o enxerga ningu\u00e9m al\u00e9m de si mesmo e do pr\u00f3prio desejo de ser livre e de fazer o que quer.<\/p>\n<p>Voc\u00ea, cara, n\u00e3o \u00e9 um adulto, homem. Voc\u00ea \u00e9 um Peter Pan por dentro. Um menin\u00e3o que criou barba e aprendeu a transar (supostamente), mas ainda age como aquele moleque espinhento de treze anos que amarrava bombinha no rabo do gato e subia no basculante do banheiro da escola para ver as meninas.<\/p>\n<p>Quando voc\u00ea vai crescer e pensar nos outros?<\/p>\n<p>Quando voc\u00ea come\u00e7ar\u00e1 a pensar no velho ditado segundo o qual &#8220;quem diz o que quer, ouve o que n\u00e3o quer.&#8221;<\/p>\n<p>Responsabilidade, cara.<\/p>\n<p>\u00c9 hora de crescer.<\/p>\n<p>Agir como homem, n\u00e3o mais como o moleque.<\/p>\n","protected":false},"excerpt":{"rendered":"<p>Coment\u00e1rio lido em uma rede social a respeito dos m\u00e9dicos capixabas que tiraram fotos de cal\u00e7as arriadas e fazendo gestos obscenos e publicaram na Internet: FODA-SE o trauma que isso desperta em alguem&#8230; Minha rea\u00e7\u00e3o a este coment\u00e1rio inacredit\u00e1vel foi esta: Esse pensamento pode at\u00e9 ser aceit\u00e1vel na boca de uma pessoa qualquer, mas nunca na cabe\u00e7a ou na boca de um m\u00e9dico. Um profissional de sa\u00fade \u00e9 algu\u00e9m que deve possuir e demonstrar tr\u00eas coisas que voc\u00ea, por esta frase, demonstrou nem saber o [&hellip;]<\/p>\n","protected":false},"author":1,"featured_media":0,"comment_status":"open","ping_status":"closed","sticky":false,"template":"","format":"standard","meta":[],"categories":[46],"tags":[49,88,7],"_links":{"self":[{"href":"http:\/\/www.letraseletricas.blog.br\/lit\/wp-json\/wp\/v2\/posts\/4196"}],"collection":[{"href":"http:\/\/www.letraseletricas.blog.br\/lit\/wp-json\/wp\/v2\/posts"}],"about":[{"href":"http:\/\/www.letraseletricas.blog.br\/lit\/wp-json\/wp\/v2\/types\/post"}],"author":[{"embeddable":true,"href":"http:\/\/www.letraseletricas.blog.br\/lit\/wp-json\/wp\/v2\/users\/1"}],"replies":[{"embeddable":true,"href":"http:\/\/www.letraseletricas.blog.br\/lit\/wp-json\/wp\/v2\/comments?post=4196"}],"version-history":[{"count":2,"href":"http:\/\/www.letraseletricas.blog.br\/lit\/wp-json\/wp\/v2\/posts\/4196\/revisions"}],"predecessor-version":[{"id":5186,"href":"http:\/\/www.letraseletricas.blog.br\/lit\/wp-json\/wp\/v2\/posts\/4196\/revisions\/5186"}],"wp:attachment":[{"href":"http:\/\/www.letraseletricas.blog.br\/lit\/wp-json\/wp\/v2\/media?parent=4196"}],"wp:term":[{"taxonomy":"category","embeddable":true,"href":"http:\/\/www.letraseletricas.blog.br\/lit\/wp-json\/wp\/v2\/categories?post=4196"},{"taxonomy":"post_tag","embeddable":true,"href":"http:\/\/www.letraseletricas.blog.br\/lit\/wp-json\/wp\/v2\/tags?post=4196"}],"curies":[{"name":"wp","href":"https:\/\/api.w.org\/{rel}","templated":true}]}}