{"id":4369,"date":"2017-06-16T21:11:48","date_gmt":"2017-06-17T00:11:48","guid":{"rendered":"http:\/\/www.letraseletricas.blog.br\/lit\/?p=4369"},"modified":"2018-10-15T23:57:04","modified_gmt":"2018-10-16T02:57:04","slug":"o-preco-da-passagem","status":"publish","type":"post","link":"http:\/\/www.letraseletricas.blog.br\/lit\/2017\/06\/o-preco-da-passagem\/","title":{"rendered":"O Pre\u00e7o da Passagem"},"content":{"rendered":"<p>Francisco \u00e9 um homem conturbado por um passado misterioso do qual ele n\u00e3o consegue nem se lembrar e nem se livrar. Em suas alucina\u00e7\u00f5es ele vive um pesadelo no tempo da ditadura militar, no qual visita lugares sombrios e tem experi\u00eancias de profundo pavor. No presente, ele tem de confrontar-se com esses fantasmas enquanto tenta recuperar sua mem\u00f3ria, na qual persiste um grande buraco negro.<\/p>\n<p><a href=\"https:\/\/www.amazon.com.br\/dp\/B06XV4FLC7\"><img loading=\"lazy\" src=\"http:\/\/www.letraseletricas.blog.br\/lit\/wp-content\/uploads\/2017\/06\/passagem-212x300.jpeg\" alt=\"\" width=\"179\" height=\"260\" class=\"alignleft size-medium wp-image-4370\" \/><\/a><\/p>\n<p>Entre os pesadelos recorrentes que o assombram, uma t\u00e9trica viagem mar\u00edtima e o encontro com um policial de m\u00e3os ensanguentadas nos por\u00f5es da ditadura.<\/p>\n<p>Para tentar recuperar a sanidade e viver uma vida normal, ele se afasta do Rio de Janeiro, cidade onde tiveram origem os seus traumas, e vive bucolicamente no interior de Minas Gerais, at\u00e9 um dia receber a visita de um &#8220;jornalista&#8221; que lhe diz que ele \u00e9 um her\u00f3i admirado por muita gente &#8212; o que finalmente lhe faz recordar os acontecimentos de sua juventude, antes de se casar e deixar a cidade grande.<\/p>\n<p>Esta \u00e9 uma noveleta que explora aspectos da mitologia crist\u00e3 cl\u00e1ssica para contar uma hist\u00f3ria de terror ancorada na realidade brasileira, mas com um apelo universal.<\/p>\n<table>\n<tr>\n<th>G\u00eanero<\/th>\n<td>Novela curta<\/td>\n<\/tr>\n<tr>\n<th>Contagem de palavras<\/th>\n<td>10187<\/td>\n<\/tr>\n<tr>\n<th>Tempo de leitura<\/th>\n<td>37 min<\/td>\n<\/tr>\n<\/table>\n","protected":false},"excerpt":{"rendered":"<p>Francisco \u00e9 um homem conturbado por um passado misterioso do qual ele n\u00e3o consegue nem se lembrar e nem se livrar. Em suas alucina\u00e7\u00f5es ele vive um pesadelo no tempo da ditadura militar, no qual visita lugares sombrios e tem experi\u00eancias de profundo pavor. No presente, ele tem de confrontar-se com esses fantasmas enquanto tenta recuperar sua mem\u00f3ria, na qual persiste um grande buraco negro. Entre os pesadelos recorrentes que o assombram, uma t\u00e9trica viagem mar\u00edtima e o encontro com um policial de m\u00e3os ensanguentadas [&hellip;]<\/p>\n","protected":false},"author":1,"featured_media":4370,"comment_status":"open","ping_status":"closed","sticky":false,"template":"","format":"standard","meta":[],"categories":[169],"tags":[],"_links":{"self":[{"href":"http:\/\/www.letraseletricas.blog.br\/lit\/wp-json\/wp\/v2\/posts\/4369"}],"collection":[{"href":"http:\/\/www.letraseletricas.blog.br\/lit\/wp-json\/wp\/v2\/posts"}],"about":[{"href":"http:\/\/www.letraseletricas.blog.br\/lit\/wp-json\/wp\/v2\/types\/post"}],"author":[{"embeddable":true,"href":"http:\/\/www.letraseletricas.blog.br\/lit\/wp-json\/wp\/v2\/users\/1"}],"replies":[{"embeddable":true,"href":"http:\/\/www.letraseletricas.blog.br\/lit\/wp-json\/wp\/v2\/comments?post=4369"}],"version-history":[{"count":7,"href":"http:\/\/www.letraseletricas.blog.br\/lit\/wp-json\/wp\/v2\/posts\/4369\/revisions"}],"predecessor-version":[{"id":6036,"href":"http:\/\/www.letraseletricas.blog.br\/lit\/wp-json\/wp\/v2\/posts\/4369\/revisions\/6036"}],"wp:featuredmedia":[{"embeddable":true,"href":"http:\/\/www.letraseletricas.blog.br\/lit\/wp-json\/wp\/v2\/media\/4370"}],"wp:attachment":[{"href":"http:\/\/www.letraseletricas.blog.br\/lit\/wp-json\/wp\/v2\/media?parent=4369"}],"wp:term":[{"taxonomy":"category","embeddable":true,"href":"http:\/\/www.letraseletricas.blog.br\/lit\/wp-json\/wp\/v2\/categories?post=4369"},{"taxonomy":"post_tag","embeddable":true,"href":"http:\/\/www.letraseletricas.blog.br\/lit\/wp-json\/wp\/v2\/tags?post=4369"}],"curies":[{"name":"wp","href":"https:\/\/api.w.org\/{rel}","templated":true}]}}