{"id":500,"date":"2010-02-26T14:00:00","date_gmt":"2010-02-26T17:00:00","guid":{"rendered":"http:\/\/letraseletricas.blog.br\/lit\/?p=500"},"modified":"2017-11-02T14:10:04","modified_gmt":"2017-11-02T17:10:04","slug":"o-sono-do-ateu","status":"publish","type":"post","link":"http:\/\/www.letraseletricas.blog.br\/lit\/2010\/02\/o-sono-do-ateu\/","title":{"rendered":"O Sono do Ateu"},"content":{"rendered":"<p>\u00c0s vezes as pessoas me perguntam como consigo dormir em paz. N\u00e3o compreendem que eu possa ser feliz sem conviver com o mesmo medo seu. Eu s\u00f3 lhes respondo que sei dormir tranquilamente, na verdade sou eu que n\u00e3o entendo como podem dormir \u00e0 noite certas pessoas que dizem que encontraram sua paz.<\/p>\n<p>Lhes digo que durmo pacificamente porque tenho limpa a consci\u00eancia de que n\u00e3o fui o culpado por nem um sofrimento infligido propositalmente a um semelhante meu, ainda que possa ter sido causador de l\u00e1grimas quando, involuntariamente, divergi, combati ou disse &#8220;n\u00e3o&#8221;.<\/p>\n<p>Eu durmo sem pesares ou arrependimentos porque hoje n\u00e3o cometi nenhuma injusti\u00e7a, tolice ou viol\u00eancia. Principalmente porque se, por fraqueza, eu cometi um destes erros, n\u00e3o me escondi atr\u00e1s de desculpas vazias ou preconceitos em vez de tentar repar\u00e1-los.<\/p>\n<p>Posso me dar ao luxo de um sono leve porque cada coisa que possuo foi adquirida com o meu trabalho ou com o meu merecimento. N\u00e3o precisei mentir, enganar, prejudicar ou intimidar ningu\u00e9m para chegar onde estou. Me deito com a mente sadia porque hoje n\u00e3o menti, n\u00e3o adulei, n\u00e3o ofendi, n\u00e3o tra\u00ed, n\u00e3o trafiquei.<\/p>\n<p>Consegui o milagre de vencer mais um dia conservando-me sincero e n\u00e3o me entreguei ao v\u00edcio, ao desperd\u00edcio ou \u00e0 insensatez. Talvez hoje eu n\u00e3o tenha conseguido fazer algo que diretamente ajude um pr\u00f3ximo, mas eu trabalho para fazer deste mundo um lar melhor para todos n\u00f3s e a consequ\u00eancia de meus atos \u00e9 sempre purificadora: Eu conserto, n\u00e3o danifico. Eu fa\u00e7o, n\u00e3o ponho obst\u00e1culos. Eu construo, n\u00e3o inutilizo. Eu mostro, n\u00e3o escondo. Eu ajudo, n\u00e3o manipulo.<\/p>\n<p>Durmo sem lamentos porque sei que cada coisa que perdi deixou de ser minha por fruto dos azares da vida e n\u00e3o de minha irresponsabilidade, imprevid\u00eancia ou loucura. E nenhum de meus bens me pesa porque possuo apenas aqueles que consigo usar.<\/p>\n<p>Eu me deito t\u00e3o leve como me levantei porque sou respons\u00e1vel apenas por meus acertos e erros (embora isto j\u00e1 seja responsabilidade demais para um s\u00f3). H\u00e1 pessoas que se humilham assumindo a culpa de todas as gera\u00e7\u00f5es passadas e futuras, mesmo sabendo que n\u00e3o se tornam melhores por causa disso. Eu, por\u00e9m, creio que sou o \u00fanico respons\u00e1vel por mim mesmo diante do maior dos ju\u00edzes, o futuro, e do mais rigoroso dos j\u00faris, o mundo, e a pena ou recompensa que obtiver recair\u00e3o sobre minha pr\u00f3pria vida e a de meus filhos.<\/p>\n<p>Posso dizer que me sinto imensamente realizado porque s\u00f3 convivo com pessoas a quem amo e procuro evitar atritos com as pessoas que me fizeram desistir de am\u00e1-las. Cada vez que fa\u00e7o uma amizade meu \u00fanico objetivo \u00e9 ser mais feliz com um amigo a mais e permitir que ele tamb\u00e9m tenha esta felicidade.<\/p>\n<p>A consequ\u00eancia mais importante de tudo isto \u00e9 que re\u00fano todas as condi\u00e7\u00f5es para tornar-me um sucesso. S\u00f3 \u00e9 necess\u00e1rio que eu trabalhe honestamente e com perseveran\u00e7a. Tenho consci\u00eancia de que sou digno de respeito, por isto eu me respeito e n\u00e3o deixo que a incompreens\u00e3o alheia me fa\u00e7a infeliz. Tenho consci\u00eancia de que sou digno de ser amado, por isto eu amo e n\u00e3o deixo que os desentendimentos e desilus\u00f5es me amargurem. Porque o maior atingido por minha amargura serei sempre eu mesmo.<\/p>\n<p>Posso dizer que n\u00e3o preciso de f\u00e9 porque todas as coisas que me fazem ser o que sou s\u00e3o realidades que vivi e n\u00e3o f\u00e1bulas que me contaram. E todas estas coisas que eu percebo atrav\u00e9s de meus sentidos me ajudam a mudar a cada dia para adaptar-me aos tempos. E o meu exemplo convida as pessoas a quem amo a seguirem comigo por esta aventura linda e terr\u00edvel que \u00e9 a vida verdadeira neste mundo azul-e-cinza.<\/p>\n","protected":false},"excerpt":{"rendered":"<p>\u00c0s vezes as pessoas me perguntam como consigo dormir em paz. N\u00e3o compreendem que eu possa ser feliz sem conviver com o mesmo medo seu. Eu s\u00f3 lhes respondo que sei dormir tranquilamente, na verdade sou eu que n\u00e3o entendo como podem dormir \u00e0 noite certas pessoas que dizem que encontraram sua paz. Lhes digo que durmo pacificamente porque tenho limpa a consci\u00eancia de que n\u00e3o fui o culpado por nem um sofrimento infligido propositalmente a um semelhante meu, ainda que possa ter sido causador [&hellip;]<\/p>\n","protected":false},"author":1,"featured_media":0,"comment_status":"open","ping_status":"open","sticky":false,"template":"","format":"standard","meta":[],"categories":[46],"tags":[99],"_links":{"self":[{"href":"http:\/\/www.letraseletricas.blog.br\/lit\/wp-json\/wp\/v2\/posts\/500"}],"collection":[{"href":"http:\/\/www.letraseletricas.blog.br\/lit\/wp-json\/wp\/v2\/posts"}],"about":[{"href":"http:\/\/www.letraseletricas.blog.br\/lit\/wp-json\/wp\/v2\/types\/post"}],"author":[{"embeddable":true,"href":"http:\/\/www.letraseletricas.blog.br\/lit\/wp-json\/wp\/v2\/users\/1"}],"replies":[{"embeddable":true,"href":"http:\/\/www.letraseletricas.blog.br\/lit\/wp-json\/wp\/v2\/comments?post=500"}],"version-history":[{"count":2,"href":"http:\/\/www.letraseletricas.blog.br\/lit\/wp-json\/wp\/v2\/posts\/500\/revisions"}],"predecessor-version":[{"id":5347,"href":"http:\/\/www.letraseletricas.blog.br\/lit\/wp-json\/wp\/v2\/posts\/500\/revisions\/5347"}],"wp:attachment":[{"href":"http:\/\/www.letraseletricas.blog.br\/lit\/wp-json\/wp\/v2\/media?parent=500"}],"wp:term":[{"taxonomy":"category","embeddable":true,"href":"http:\/\/www.letraseletricas.blog.br\/lit\/wp-json\/wp\/v2\/categories?post=500"},{"taxonomy":"post_tag","embeddable":true,"href":"http:\/\/www.letraseletricas.blog.br\/lit\/wp-json\/wp\/v2\/tags?post=500"}],"curies":[{"name":"wp","href":"https:\/\/api.w.org\/{rel}","templated":true}]}}