{"id":516,"date":"2009-08-23T21:05:00","date_gmt":"2009-08-24T00:05:00","guid":{"rendered":"http:\/\/letraseletricas.blog.br\/lit\/?p=516"},"modified":"2017-11-02T14:10:05","modified_gmt":"2017-11-02T17:10:05","slug":"lendo-paulo-coelho","status":"publish","type":"post","link":"http:\/\/www.letraseletricas.blog.br\/lit\/2009\/08\/lendo-paulo-coelho\/","title":{"rendered":"Lendo Paulo Coelho"},"content":{"rendered":"<p>Depois de anos &#8220;descendo o malho&#8221; em um carinha invis\u00edvel que faz chover (n\u00e3o me refiro a Manitu, mas ao Paulo Coelho), resolvi encarar o desafio de ler uma obra sua a fim de ver qual \u00e9 a dele. Eu tive que me dedicar a isso porque v\u00e1rias vezes me acusaram de ser incoerente por minha postura &#8220;n\u00e3o li e n\u00e3o gostei&#8221;. Pois bem, tomei coragem e li.<\/p>\n<p>Eu n\u00e3o gostei. Ali\u00e1s, detestei muito mais do que supunha que detestaria. Paulo Coelho n\u00e3o \u00e9 apenas ruim, ele \u00e9 ruim abaixo do n\u00edvel de dom\u00ednio da l\u00edngua portuguesa que os Par\u00e2metros Curriculares Nacionais pedem para um aluno que se forma no Ensino M\u00e9dio.  Isto, \u00e9 claro, teoricamente, porque a maioria dos que se diplomam em nossas eficientes escolas \u00e9, na verdade, de analfabetos funcionais.  Considerando isso, Paulo Coelho at\u00e9 que est\u00e1 acima da m\u00e9dia. Triste da m\u00e9dia que est\u00e1 abaixo dele.<\/p>\n<p>Estou estarrecido. Paulo Coelho \u00e9 muito pior do que jamais imaginei. Ele \u00e9 uma influ\u00eancia nefasta a todo e qualquer leitor. Talvez tenha causado, sozinho, mais mal \u00e0 educa\u00e7\u00e3o nesse pa\u00eds do que o Regime Militar ao longo de vinte e um anos! Ele ser sucesso \u00e9 uma coisa que n\u00e3o d\u00e1 para explicar por nenhuma qualidade que seu texto tenha, porque o que ele escreve pode ser considerado totalmente isento disso. S\u00f3 mesmo o <em>marketing<\/em> \u00e9 que pode explicar isso. S\u00f3 mesmo t\u00e9cnicas de convencimento que abusam da falta de bom senso \u2014 e par\u00e2metros \u2014 das pessoas simples podem explicar como livros t\u00e3o ruins vendem. Livros excessivamente ruins s\u00e3o a maior prova de que deve, mesmo, existir quem compre &#8220;livro a metro&#8221; para enfeite de estante, ou ent\u00e3o quem compre livro apenas pela moda, sem ter inten\u00e7\u00e3o real de ler. <\/p>\n<p>Paulo Coelho se diz orgulhoso de que seus livros foram, em muitos casos, os primeiros lidos pelos seus leitores.  Ningu\u00e9m ainda pesquisou quantos desses leitores leram mais coisas depois ou quantos desistiram de tentar outra leitura. <\/p>\n<p>O livro que escolhi ler foi &#8220;Ver\u00f4nika Decide Morrer&#8221;. Detesto livros com t\u00edtulos piegas, detesto pieguice de um modo geral. Al\u00e9m de ter detestado o livro desde o t\u00edtulo, outra raz\u00e3o pela escolha foi que a referida obra estava na moda, at\u00e9 com filme em cartaz nos cinemas.<\/p>\n<p>Fiz uma an\u00e1lise bem b\u00e1sica das seis p\u00e1ginas iniciais de &#8220;Ver\u00f4nika Decide Morrer&#8221; em tr\u00eas n\u00edveis: uso correto da norma culta, constru\u00e7\u00e3o narrativa e estilo liter\u00e1rio. Por &#8220;uso correto da norma culta&#8221; inclu\u00ed a pontua\u00e7\u00e3o, a ortografia, a sem\u00e2ntica e a sintaxe. Por &#8220;constru\u00e7\u00e3o da narrativa&#8221; dou a entender a divis\u00e3o do texto em frases que soam claras e dividem a a\u00e7\u00e3o de forma eficaz. E por &#8220;estilo liter\u00e1rio&#8221; eu me refiro \u00e0 beleza geral do texto aos olhos do leitor. Como estamos falando de um membro da Academia Brasileira de Letras, e n\u00e3o de um iniciante que vem mostrar seu original e pedir conselhos, acredito que n\u00e3o \u00e9 injusto que eu use de todo o rigor poss\u00edvel, afinal, ele deveria ser meu mestre.<\/p>\n<p>Pelas seis p\u00e1ginas que li (antes de come\u00e7ar a ter n\u00e1useas), devo afirmar que o Paulo Coelho possui menos dom\u00ednio da norma culta que a maioria das pessoas que conhe\u00e7o \u2014 ele s\u00f3 tem a insist\u00eancia de contar hist\u00f3rias compridas. Mas n\u00e3o sabe construir frases coerentes, nem pontuar direito, nem dividir par\u00e1grafos, nem organizar a narrativa. E seu texto, por fim, \u00e9 contado de forma plana e sem gra\u00e7a, em frases de estrutura sempre reta e previs\u00edvel, com pouco uso de adjetivos, nenhuma linguagem figurada. Em resumo, \u00e9 um texto prim\u00e1rio em linguagem, desconexo quanto \u00e0 estrutura e ins\u00edpido quanto ao estilo.<\/p>\n<p>Acredito que ter sido sucesso de forma independente influenciou  como PC encara sua literatura. Tal como se tornou fen\u00f4meno de vendas sem a ajuda de um revisor, deve ainda hoje prescindir deles, ou at\u00e9 achar-se acima e al\u00e9m deles. Por isso a sua prosa n\u00e3o evolui: continua prim\u00e1ria, confusa, mal pontuada, cheia de erros de reg\u00eancia verbal,  ortografia, conjuga\u00e7\u00e3o de verbos, concord\u00e2ncia nominal.  Essa quantidade de erros s\u00f3 se explica por um baixo grau de dom\u00ednio da l\u00edngua, ou vontade deliberada de parecer ignorante para fazer sucesso entre os ignorantes.<\/p>\n<p>Esquecendo os de superf\u00edcie, poder\u00edamos desculpar em parte os &#8220;pequenos&#8221; enganos se debaixo dessa camada de grossura houvesse prosa boa. Mas n\u00e3o, n\u00e3o \u00e9 o caso. Paulo Coelho n\u00e3o sabe coordenar os par\u00e1grafos. O assunto \u00e9 solto, flui \u00e0 deriva e vai e volta v\u00e1rias vezes porque os par\u00e1grafos n\u00e3o tem um desenvolvimento de ideias. A impress\u00e3o que tenho \u00e9  de que ele os divide por est\u00e9tica (para evitar que fiquem grandes e intimidem o leitor semiletrado) ou entende os finais de par\u00e1grafo como uma esp\u00e9cie de pausa na leitura, tal como muita gente cr\u00ea que a v\u00edrgula seja.<\/p>\n<p>Convenhamos que alguns erros que Paulo Coelho comete s\u00f3 s\u00e3o assim graves porque s\u00e3o frequentes demais.  Erros de reg\u00eancia verbal s\u00e3o desculp\u00e1veis se ocorrem ocasionalmente,  mas ficam simplesmente irritantes se o autor erra a preposi\u00e7\u00e3o praticamente em todos os verbos transitivos indiretos. Tais coisas s\u00e3o normais em vers\u00f5es iniciais, de forma moderada. Mas se o livro publicado aparece assim \u00e9 porque obviamente o autor, &#8220;humilde&#8221;, em respeito ao leitor o brinda com o seu rascunho \u2014 ou ent\u00e3o porque \u00e9 mesmo ignorante da reg\u00eancia verbal e, por &#8220;humildade&#8221;, recusa a revis\u00e3o.<\/p>\n<p>H\u00e1 erros de racioc\u00ednio, como o uso no passado de adv\u00e9rbios referentes ao presente, e vice-versa, erros de emprego de vocabul\u00e1rio,  como &#8220;ao inv\u00e9s de&#8221; usado no lugar de &#8220;em vez de&#8221;. H\u00e1 erros de constru\u00e7\u00e3o do pensamento, com v\u00edrgulas separando sujeito do predicado em frases curtas, tais como: &#8220;a gera\u00e7\u00e3o dos seus pais e de seus av\u00f3s, ainda frequentava a igreja.&#8221;<\/p>\n<p>Resumindo: \u00e9 absurdo que tal autor seja um sucesso.  S\u00f3 prova que o povo exige muito pouco dos livros que compra. \u00c9 um absurdo que tal autor seja eleito \u00e0 Academia de uma l\u00edngua que n\u00e3o sabe usar. E a partir de hoje eu posso dizer de boca cheia que suspeito da cultura de qualquer pessoa que n\u00e3o ache Paulo Coelho um lixo.<\/p>\n","protected":false},"excerpt":{"rendered":"<p>Depois de anos &#8220;descendo o malho&#8221; em um carinha invis\u00edvel que faz chover (n\u00e3o me refiro a Manitu, mas ao Paulo Coelho), resolvi encarar o desafio de ler uma obra sua a fim de ver qual \u00e9 a dele. Eu tive que me dedicar a isso porque v\u00e1rias vezes me acusaram de ser incoerente por minha postura &#8220;n\u00e3o li e n\u00e3o gostei&#8221;. Pois bem, tomei coragem e li. Eu n\u00e3o gostei. Ali\u00e1s, detestei muito mais do que supunha que detestaria. Paulo Coelho n\u00e3o \u00e9 apenas [&hellip;]<\/p>\n","protected":false},"author":1,"featured_media":0,"comment_status":"open","ping_status":"open","sticky":false,"template":"","format":"standard","meta":[],"categories":[142],"tags":[20],"_links":{"self":[{"href":"http:\/\/www.letraseletricas.blog.br\/lit\/wp-json\/wp\/v2\/posts\/516"}],"collection":[{"href":"http:\/\/www.letraseletricas.blog.br\/lit\/wp-json\/wp\/v2\/posts"}],"about":[{"href":"http:\/\/www.letraseletricas.blog.br\/lit\/wp-json\/wp\/v2\/types\/post"}],"author":[{"embeddable":true,"href":"http:\/\/www.letraseletricas.blog.br\/lit\/wp-json\/wp\/v2\/users\/1"}],"replies":[{"embeddable":true,"href":"http:\/\/www.letraseletricas.blog.br\/lit\/wp-json\/wp\/v2\/comments?post=516"}],"version-history":[{"count":3,"href":"http:\/\/www.letraseletricas.blog.br\/lit\/wp-json\/wp\/v2\/posts\/516\/revisions"}],"predecessor-version":[{"id":5360,"href":"http:\/\/www.letraseletricas.blog.br\/lit\/wp-json\/wp\/v2\/posts\/516\/revisions\/5360"}],"wp:attachment":[{"href":"http:\/\/www.letraseletricas.blog.br\/lit\/wp-json\/wp\/v2\/media?parent=516"}],"wp:term":[{"taxonomy":"category","embeddable":true,"href":"http:\/\/www.letraseletricas.blog.br\/lit\/wp-json\/wp\/v2\/categories?post=516"},{"taxonomy":"post_tag","embeddable":true,"href":"http:\/\/www.letraseletricas.blog.br\/lit\/wp-json\/wp\/v2\/tags?post=516"}],"curies":[{"name":"wp","href":"https:\/\/api.w.org\/{rel}","templated":true}]}}