{"id":5170,"date":"2017-11-01T15:17:24","date_gmt":"2017-11-01T18:17:24","guid":{"rendered":"http:\/\/www.letraseletricas.blog.br\/lit\/?p=5170"},"modified":"2017-11-12T10:14:24","modified_gmt":"2017-11-12T13:14:24","slug":"a-sombra-na-serra-do-relogio","status":"publish","type":"post","link":"http:\/\/www.letraseletricas.blog.br\/lit\/2017\/11\/a-sombra-na-serra-do-relogio\/","title":{"rendered":"A Sombra na Serra do Rel\u00f3gio"},"content":{"rendered":"<p>Doda vivia uma vida bastante comum em um lugar perdido do interior do Brasil, h\u00e1 pouco mais de cinquenta anos, quando sua terra foi visitada por um estranho fen\u00f4meno, a partir do qual todas as funda\u00e7\u00f5es do que achava normal foram sacudidas. De repente sua fam\u00edlia passou a ter um passado estranho, seus vizinhos revelaram coisas que ele nem imaginava, e ele termina ferido e semi-inv\u00e1lido, sonhando em recuperar a for\u00e7a f\u00edsica, a auto-estima e o entendimento do mundo. A partir da\u00ed come\u00e7a sua jornada, que o traz de volta ao encontro de seu passado e de suas limita\u00e7\u00f5es.<\/p>\n<p><img loading=\"lazy\" src=\"https:\/\/images-na.ssl-images-amazon.com\/images\/I\/41xwX2cQA5L.jpg\" width=\"179\" height=\"260\" class=\"alignright size-medium\" \/><\/p>\n<p>\u201cA Sombra na Serra do Rel\u00f3gio\u201d \u00e9 um romance de fantasia hist\u00f3rica ambientado entre abril de 1963 e abril de 1964 em um lugar fict\u00edcio do interior do estado de Minas Gerais, o munic\u00edpio de &#8220;Aterrador&#8221;, onde se localizam a Serra do Rel\u00f3gio (caracterizada pelo pico de formato triangular, como um ponteiro de sol\u00e1rio) e a Serra de Aterrador, um misterioso planalto de encostas \u00edngremes cujo \u00fanico acesso f\u00e1cil \u00e9 atrav\u00e9s de uma grota entre duas montanhas.<\/p>\n<p>Nesta regi\u00e3o vive uma gente estranha, meio alijada do mundo, e acontecem coisas estranhas. Ali uma fam\u00edlia se encontra \u00e0s voltas com o passado nebuloso de uma integrante que vivera alguns anos no Rio de Janeiro, \u201cna \u00e9poca da Guerra\u201d. Aos poucos a trama se adensa, com o protagonista tendo de buscar tratamento m\u00e9dico e respostas.<\/p>\n","protected":false},"excerpt":{"rendered":"<p>Doda vivia uma vida bastante comum em um lugar perdido do interior do Brasil, h\u00e1 pouco mais de cinquenta anos, quando sua terra foi visitada por um estranho fen\u00f4meno, a partir do qual todas as funda\u00e7\u00f5es do que achava normal foram sacudidas. De repente sua fam\u00edlia passou a ter um passado estranho, seus vizinhos revelaram coisas que ele nem imaginava, e ele termina ferido e semi-inv\u00e1lido, sonhando em recuperar a for\u00e7a f\u00edsica, a auto-estima e o entendimento do mundo. A partir da\u00ed come\u00e7a sua jornada, [&hellip;]<\/p>\n","protected":false},"author":1,"featured_media":5171,"comment_status":"open","ping_status":"closed","sticky":false,"template":"","format":"standard","meta":[],"categories":[169],"tags":[],"_links":{"self":[{"href":"http:\/\/www.letraseletricas.blog.br\/lit\/wp-json\/wp\/v2\/posts\/5170"}],"collection":[{"href":"http:\/\/www.letraseletricas.blog.br\/lit\/wp-json\/wp\/v2\/posts"}],"about":[{"href":"http:\/\/www.letraseletricas.blog.br\/lit\/wp-json\/wp\/v2\/types\/post"}],"author":[{"embeddable":true,"href":"http:\/\/www.letraseletricas.blog.br\/lit\/wp-json\/wp\/v2\/users\/1"}],"replies":[{"embeddable":true,"href":"http:\/\/www.letraseletricas.blog.br\/lit\/wp-json\/wp\/v2\/comments?post=5170"}],"version-history":[{"count":4,"href":"http:\/\/www.letraseletricas.blog.br\/lit\/wp-json\/wp\/v2\/posts\/5170\/revisions"}],"predecessor-version":[{"id":5535,"href":"http:\/\/www.letraseletricas.blog.br\/lit\/wp-json\/wp\/v2\/posts\/5170\/revisions\/5535"}],"wp:featuredmedia":[{"embeddable":true,"href":"http:\/\/www.letraseletricas.blog.br\/lit\/wp-json\/wp\/v2\/media\/5171"}],"wp:attachment":[{"href":"http:\/\/www.letraseletricas.blog.br\/lit\/wp-json\/wp\/v2\/media?parent=5170"}],"wp:term":[{"taxonomy":"category","embeddable":true,"href":"http:\/\/www.letraseletricas.blog.br\/lit\/wp-json\/wp\/v2\/categories?post=5170"},{"taxonomy":"post_tag","embeddable":true,"href":"http:\/\/www.letraseletricas.blog.br\/lit\/wp-json\/wp\/v2\/tags?post=5170"}],"curies":[{"name":"wp","href":"https:\/\/api.w.org\/{rel}","templated":true}]}}