{"id":567,"date":"2007-10-20T19:55:00","date_gmt":"2007-10-20T22:55:00","guid":{"rendered":"http:\/\/letraseletricas.blog.br\/lit\/?p=567"},"modified":"2017-11-02T14:10:10","modified_gmt":"2017-11-02T17:10:10","slug":"no-mundo-em-que-vivo","status":"publish","type":"post","link":"http:\/\/www.letraseletricas.blog.br\/lit\/2007\/10\/no-mundo-em-que-vivo\/","title":{"rendered":"No Mundo em que Vivo"},"content":{"rendered":"<p>No mundo em que vivo<br \/>\npoesia n\u00e3o \u00e9 mais necess\u00e1rio,<br \/>\nflores<br \/>\ns\u00e3o somente formas toler\u00e1veis.<\/p>\n<p>Talvez por isso seja t\u00e3o urgente<br \/>\nque perpetre poesia,<br \/>\nque irresponsavelmente plante cores.<\/p>\n<p>Com a futilidade fr\u00e1gil de uns versos<br \/>\ninsisto contra a s\u00f3lida imagem<br \/>\nde coisas brutas que venceram<br \/>\ne cuja imperme\u00e1vel raz\u00e3o de ser<br \/>\nforma o alicerce de minha casa.<\/p>\n<p>Pensem nisso se me virem por a\u00ed,<br \/>\nfalando s\u00f3, olhando vago.<br \/>\nEstarei meditando meu pr\u00f3ximo atentado<br \/>\ncontra a cinza escurid\u00e3o que me enxerga<br \/>\ne que envergo<br \/>\ncomo um terno de defunto que me deram.<\/p>\n<p>Tenho sido muito ignorado, tenho ouvido.<br \/>\nPor isso \u00e9 que \u00e0s vezes falo de mim mesmo,<br \/>\npor isso muito \u00e0s vezes me dirijo ao espelho.<\/p>\n<p>No mundo em que vivo<br \/>\no amar est\u00e1 desconstru\u00eddo<br \/>\ne eu estou desajustado.<\/p>\n<p>Talvez por isso eu peque tanto<br \/>\ncom essa vol\u00fapia dos detidos.<br \/>\nDesde que me vi diante do muro<br \/>\na minha atividade solit\u00e1ria se resume<br \/>\na sonhar com flores e com livros.<\/p>\n","protected":false},"excerpt":{"rendered":"<p>No mundo em que vivo poesia n\u00e3o \u00e9 mais necess\u00e1rio, flores s\u00e3o somente formas toler\u00e1veis. Talvez por isso seja t\u00e3o urgente que perpetre poesia, que irresponsavelmente plante cores. Com a futilidade fr\u00e1gil de uns versos insisto contra a s\u00f3lida imagem de coisas brutas que venceram e cuja imperme\u00e1vel raz\u00e3o de ser forma o alicerce de minha casa. Pensem nisso se me virem por a\u00ed, falando s\u00f3, olhando vago. Estarei meditando meu pr\u00f3ximo atentado contra a cinza escurid\u00e3o que me enxerga e que envergo como um [&hellip;]<\/p>\n","protected":false},"author":1,"featured_media":0,"comment_status":"open","ping_status":"open","sticky":false,"template":"","format":"standard","meta":[],"categories":[51],"tags":[71],"_links":{"self":[{"href":"http:\/\/www.letraseletricas.blog.br\/lit\/wp-json\/wp\/v2\/posts\/567"}],"collection":[{"href":"http:\/\/www.letraseletricas.blog.br\/lit\/wp-json\/wp\/v2\/posts"}],"about":[{"href":"http:\/\/www.letraseletricas.blog.br\/lit\/wp-json\/wp\/v2\/types\/post"}],"author":[{"embeddable":true,"href":"http:\/\/www.letraseletricas.blog.br\/lit\/wp-json\/wp\/v2\/users\/1"}],"replies":[{"embeddable":true,"href":"http:\/\/www.letraseletricas.blog.br\/lit\/wp-json\/wp\/v2\/comments?post=567"}],"version-history":[{"count":3,"href":"http:\/\/www.letraseletricas.blog.br\/lit\/wp-json\/wp\/v2\/posts\/567\/revisions"}],"predecessor-version":[{"id":5396,"href":"http:\/\/www.letraseletricas.blog.br\/lit\/wp-json\/wp\/v2\/posts\/567\/revisions\/5396"}],"wp:attachment":[{"href":"http:\/\/www.letraseletricas.blog.br\/lit\/wp-json\/wp\/v2\/media?parent=567"}],"wp:term":[{"taxonomy":"category","embeddable":true,"href":"http:\/\/www.letraseletricas.blog.br\/lit\/wp-json\/wp\/v2\/categories?post=567"},{"taxonomy":"post_tag","embeddable":true,"href":"http:\/\/www.letraseletricas.blog.br\/lit\/wp-json\/wp\/v2\/tags?post=567"}],"curies":[{"name":"wp","href":"https:\/\/api.w.org\/{rel}","templated":true}]}}