{"id":6048,"date":"2018-11-07T19:58:50","date_gmt":"2018-11-07T22:58:50","guid":{"rendered":"http:\/\/www.letraseletricas.blog.br\/lit\/?p=6048"},"modified":"2019-06-05T21:11:41","modified_gmt":"2019-06-06T00:11:41","slug":"a-inteligencia-brasileira","status":"publish","type":"post","link":"http:\/\/www.letraseletricas.blog.br\/lit\/2018\/11\/a-inteligencia-brasileira\/","title":{"rendered":"A Intelig\u00eancia Brasileira"},"content":{"rendered":"\n<p>\u00c0s vezes me deparo com a d\u00favida se o brasileiro n\u00e3o teria um fasc\u00ednio pela estupidez. Esta tese tem aparecido com frequ\u00eancia nas redes sociais, especialmente desde as elei\u00e7\u00f5es. \u00c0 parte o fato de que \u00e9 ofensiva, portanto nada construtiva para o trabalho de juntar os cacos do pa\u00eds, eu creio que \u00e9 uma tese falsa.<\/p>\n\n\n\n<p>O brasileiro valoriza, sim, aquele que tem intelig\u00eancia, o que n\u00e3o valoriza \u00e9 a busca de cultura e a educa\u00e7\u00e3o formal.<\/p>\n\n\n\n<p>H\u00e1 entre n\u00f3s um culto \u00e0 intelig\u00eancia \u201cinata\u201d e de cunho pr\u00e1tico, que se manifesta em \u201cjeitinhos\u201d, \u201cgambiarras\u201d, \u201cmalandragens\u201d e solu\u00e7\u00f5es para problemas do dia a dia. Viralizou o meme segundo o qual \u201co brasileiro devia ser estudado\u201d.<\/p>\n\n\n\n<div class=\"wp-block-image\"><figure class=\"alignleft\"><img src=\"http:\/\/www.letraseletricas.blog.br\/lit\/wp-content\/uploads\/2018\/11\/main-qimg-5ac8dfc4a122d5fcb18c68e86e2304c1-300x114.png\" alt=\"\" class=\"wp-image-6049\"\/><\/figure><\/div>\n\n\n\n<p>H\u00e1 algumas caracter\u00edsticas desse estudo, por\u00e9m, que chamam a aten\u00e7\u00e3o. Primeiro que a sua manifesta\u00e7\u00e3o mais frequente \u00e9 de que o brasileiro deveria ser estudado \u201cpela NASA\u201d, uma entidade estrangeira. Por que n\u00e3o se sup\u00f5e que n\u00f3s mesmos n\u00e3o poder\u00edamos? Este j\u00e1 \u00e9 um sintoma da rela\u00e7\u00e3o que o imagin\u00e1rio nacional tem com a cultura e o conhecimento.<\/p>\n\n\n\n<p>A intelig\u00eancia que valorizamos n\u00e3o se manifesta em buscas intelectuais, nem mesmo no estudo da nacionalidade. De fato, o brasileiro se imagina mais facilmente como objeto de estudo estrangeiro do que um estudante do mundo em que est\u00e1.<\/p>\n\n\n\n<p>Ausente a busca intelectual, a intelig\u00eancia brasileira adquire um cunho pr\u00e1tico e imediato, ao encontrar novos usos para ferramentas e objetos do dia a dia:<\/p>\n\n\n\n<div class=\"wp-block-image\"><figure class=\"alignleft\"><img src=\"http:\/\/www.letraseletricas.blog.br\/lit\/wp-content\/uploads\/2018\/11\/main-qimg-d9284edb7c5fe31798fee82efbbbf05d-300x300.jpg\" alt=\"\" class=\"wp-image-6050\"\/><\/figure><\/div>\n\n\n\n<p>\u00c9 uma intelig\u00eancia que, conforme a vis\u00e3o antropof\u00e1gica do nosso modernismo, tem mais facilidade para ressignificar objetos do que para cri\u00e1-los.<\/p>\n\n\n\n<p>Essa valoriza\u00e7\u00e3o da intelig\u00eancia pr\u00e1tica est\u00e1 em perfeita conson\u00e2ncia com o mito fundacional da cultura brasileira, a que um dia chamei de \u201cpar\u00e1bola d<a href=\"http:\/\/www.letraseletricas.blog.br\/lit\/2010\/06\/o-sabio-louco-e-o-ignorante-vigoroso\">o s\u00e1bio louco e do ignorante vigoroso<\/a>\u201d (para uma vers\u00e3o mais longamente elaborada desse racioc\u00ednio, feita a partir do caso do \u201cMenino do Acre\u201d, quem tiver paci\u00eancia para \u201ctext\u00e3o\u201d leia <a href=\"http:\/\/www.letraseletricas.blog.br\/lit\/2017\/08\/ser-genio-em-uma-sociedade-ignorante\">Ser G\u00eanio em uma Sociedade Ignorante<\/a>.<\/p>\n\n\n\n<p>Minha tese \u00e9 de que o brasileiro tradicionalmente cr\u00ea que o estudo debilita o corpo e leva \u00e0 loucura da mente, e que tamb\u00e9m afasta o homem de Deus; enquanto a intelig\u00eancia \u201cnatural\u201d, dada por Deus em vez de desenvolvida na escola, n\u00e3o somente seria a \u00fanica compat\u00edvel com a sa\u00fade f\u00edsica e mental, mas tamb\u00e9m mant\u00e9m o homem perto de Deus e lhe permite enfretar desafios reais, em vez de quixotescos moinhos de vento. O conhecimento \u201cdo diabo\u201d \u00e9 livresco, in\u00fatil e causador de cis\u00e3o entre o homem, sua fam\u00edlia e a tradi\u00e7\u00e3o. O conhecimento \u201cdivino\u201d \u00e9 pr\u00e1tico, \u00fatil e mantenedor dessas rela\u00e7\u00f5es.<\/p>\n\n\n\n<p>A express\u00e3o mais acabada desta ideologia \u00e9 a frase, t\u00e3o comum entre os evang\u00e9licos, segundo a qual \u201cDeus n\u00e3o escolhe os capacitados, mas capacita os escolhidos\u201d.<\/p>\n\n\n\n<p>Quando voc\u00ea leva isto em considera\u00e7\u00e3o e come\u00e7a a interagir com o povo brasileiro \u201creal\u201d, come\u00e7a a entender as causas e os desenvolvimentos de v\u00e1rias de nossa mazelas nacionais. N\u00e3o se pode manter de p\u00e9 um pa\u00eds onde a maioria da popula\u00e7\u00e3o acredita que o ensino \u00e9 um gasto, que a vida acad\u00eamica \u00e9 uma forma de parasitismo e em que o homem do povo admire aqueles que s\u00e3o iguais a si, em vez daqueles que o superam.<\/p>\n\n\n\n<p>Uma sociedade que cultua a ignor\u00e2ncia a esse ponto, rapidamente despreza os seus melhores e come\u00e7a a escolher os ignorantes, por crer que Deus os tornar\u00e1 suficientes.<\/p>\n","protected":false},"excerpt":{"rendered":"<p>\u00c0s vezes me deparo com a d\u00favida se o brasileiro n\u00e3o teria um fasc\u00ednio pela estupidez. Esta tese tem aparecido com frequ\u00eancia nas redes sociais, especialmente desde as elei\u00e7\u00f5es. \u00c0 parte o fato de que \u00e9 ofensiva, portanto nada construtiva para o trabalho de juntar os cacos do pa\u00eds, eu creio que \u00e9 uma tese falsa. O brasileiro valoriza, sim, aquele que tem intelig\u00eancia, o que n\u00e3o valoriza \u00e9 a busca de cultura e a educa\u00e7\u00e3o formal. H\u00e1 entre n\u00f3s um culto \u00e0 intelig\u00eancia \u201cinata\u201d [&hellip;]<\/p>\n","protected":false},"author":1,"featured_media":6050,"comment_status":"open","ping_status":"open","sticky":false,"template":"","format":"standard","meta":[],"categories":[183],"tags":[77,214,231,68,62,245],"_links":{"self":[{"href":"http:\/\/www.letraseletricas.blog.br\/lit\/wp-json\/wp\/v2\/posts\/6048"}],"collection":[{"href":"http:\/\/www.letraseletricas.blog.br\/lit\/wp-json\/wp\/v2\/posts"}],"about":[{"href":"http:\/\/www.letraseletricas.blog.br\/lit\/wp-json\/wp\/v2\/types\/post"}],"author":[{"embeddable":true,"href":"http:\/\/www.letraseletricas.blog.br\/lit\/wp-json\/wp\/v2\/users\/1"}],"replies":[{"embeddable":true,"href":"http:\/\/www.letraseletricas.blog.br\/lit\/wp-json\/wp\/v2\/comments?post=6048"}],"version-history":[{"count":2,"href":"http:\/\/www.letraseletricas.blog.br\/lit\/wp-json\/wp\/v2\/posts\/6048\/revisions"}],"predecessor-version":[{"id":6679,"href":"http:\/\/www.letraseletricas.blog.br\/lit\/wp-json\/wp\/v2\/posts\/6048\/revisions\/6679"}],"wp:featuredmedia":[{"embeddable":true,"href":"http:\/\/www.letraseletricas.blog.br\/lit\/wp-json\/wp\/v2\/media\/6050"}],"wp:attachment":[{"href":"http:\/\/www.letraseletricas.blog.br\/lit\/wp-json\/wp\/v2\/media?parent=6048"}],"wp:term":[{"taxonomy":"category","embeddable":true,"href":"http:\/\/www.letraseletricas.blog.br\/lit\/wp-json\/wp\/v2\/categories?post=6048"},{"taxonomy":"post_tag","embeddable":true,"href":"http:\/\/www.letraseletricas.blog.br\/lit\/wp-json\/wp\/v2\/tags?post=6048"}],"curies":[{"name":"wp","href":"https:\/\/api.w.org\/{rel}","templated":true}]}}