{"id":6299,"date":"2019-02-09T20:00:21","date_gmt":"2019-02-09T23:00:21","guid":{"rendered":"http:\/\/www.letraseletricas.blog.br\/lit\/?p=6299"},"modified":"2019-02-06T20:15:28","modified_gmt":"2019-02-06T23:15:28","slug":"nem-todo-aquele-que-diz-ser-intelectual-o-e","status":"publish","type":"post","link":"http:\/\/www.letraseletricas.blog.br\/lit\/2019\/02\/nem-todo-aquele-que-diz-ser-intelectual-o-e\/","title":{"rendered":"Nem todo aquele que diz ser intelectual o \u00e9"},"content":{"rendered":"\n<p>Dizer-se intelectual n\u00e3o \u00e9 o mesmo que ser. Certas designa\u00e7\u00f5es s\u00f3 fazem sentido quando recebidas, nunca quando autoatribu\u00eddas. <em>N\u00e3o \u00e9 por andar com livros que a gente fica doutor, as tra\u00e7as vivem com eles, devem sab\u00ea-los de cor.<\/em><\/p>\n\n\n\n<p>O\n Brasil n\u00e3o \u00e9 um pa\u00eds caracterizado pelo grande n\u00famero de intelectuais, \nmuito menos por sua grande qualidade. Em geral o brasileiro tem pouca \nescolaridade formal (algo em que a \u201cintelectualidade\u201d se baseia), \nporcamente aproveitada (devido \u00e0 m\u00e1 qualidade da maioria de nossas \nescolas e \u00e0s expectativas tecnicistas de nossa sociedade) e dirigida a \n\u00e1reas est\u00e9reis intelectualmente.<\/p>\n\n\n\n<p>Por\u00e9m, <em>caveat emptor, <\/em>o\n que qualifica um intelectual como tal \u00e9 a posse de uma cultura ampla, \ncoisa que \u00e9 rara no Brasil, e n\u00e3o a posse de valores \u00e9ticos e morais.<\/p>\n\n\n\n<p>Algumas das pessoais mais cultas e intelectualizadas do mundo s\u00e3o seres absolutamente desprez\u00edveis moralmente. Ser intelectual, al\u00e9m de ser uma designa\u00e7\u00e3o que se deve receber, nunca reivindicar, n\u00e3o \u00e9 sinal de santidade.<\/p>\n\n\n\n<p>No entanto, o ser intelectual, mesmo quando desprovido de \u00e9tica e moral, n\u00e3o deve ter certas atitudes. Uma delas \u00e9 empregar a for\u00e7a (f\u00edsica ou verbal) como argumenta\u00e7\u00e3o. Pregar a viol\u00eancia \u00e9 mais aceit\u00e1vel na boca de um intelectual do que pregar <em>com <\/em>viol\u00eancia. Um intelectual pode, perfeitamente, dizer que a solu\u00e7\u00e3o de um problema depender\u00e1 de medidas extremas, o que ele n\u00e3o pode fazer \u00e9 debater aos berros quando querem ouvi-lo, ou partir para sopapos naqueles que discordam de si.<\/p>\n\n\n\n<p>Outra coisa que denuncia o indiv\u00edduo como um falso intelectual (ou uma besta quadrada mesmo, que sequer finge intelig\u00eancia) \u00e9 defender posi\u00e7\u00f5es prejudiciais a si mesmo, a seu pa\u00eds, \u00e0 sua fam\u00edlia ou \u00e0 sua classe social. Quem faz isso, faz por ser imbecil ou faz porque est\u00e1 sendo pago. No primeiro caso, obviamente, n\u00e3o temos nenhum intelectual. No segundo caso, temos um traidor de sua p\u00e1tria, de seu sangue e de sua \nclasse. N\u00e3o diria que \u00e9 imposs\u00edvel que seja um intelectual, mas apenas \nque ser mal pago por um servi\u00e7o sujo n\u00e3o \u00e9 prova de intelig\u00eancia. Al\u00e9m \ndo que, <em>aquele que se vende sempre recebe mais do que vale.<\/em><\/p>\n\n\n\n<p>Eu  tamb\u00e9m vejo pessoas, inclusive algumas que parecem normais e que t\u00eam  comportamento socialmente aceit\u00e1vel, defenderem ideias detest\u00e1veis.  Pessoas de minha fam\u00edlia e de meu c\u00edrculo de amigos. Pessoas de v\u00e1rias  religi\u00f5es. Ma\u00e7ons, ateus, esp\u00edritas, cat\u00f3licos, rotarianos\u2026 Pessoas que  s\u00e3o benem\u00e9ritas da sociedade. Como isso pode ser poss\u00edvel?<\/p>\n\n\n\n<p>\u00c9 chocante que pessoas de quem jamais suspeitar\u00edamos sejam capazes de defend\u00ea-lo.<\/p>\n\n\n\n<p>Isso n\u00e3o ocorre porque essas pessoas tenham algum tipo de d\u00e9ficit \nintelectual ou moral\u2014isso decorre da ideologia. E \u00e9 caracter\u00edstica dos \nn\u00e3o intelectuais estarem abaixo das ideologias correntes, e portanto \nagirem e pensarem condicionados por elas.<\/p>\n\n\n\n<div class=\"wp-block-image\"><figure class=\"aligncenter\"><img src=\"http:\/\/www.letraseletricas.blog.br\/lit\/wp-content\/uploads\/2019\/02\/1280px-Samo_man_playing_war_horn_20017864_edit-1024x720.jpg\" alt=\"\" class=\"wp-image-6300\"\/><\/figure><\/div>\n\n\n\n<p>Se a ideologia \u00e9 capaz de convencer um jovem a enrolar dinamite em seu pr\u00f3prio corpo e explodir-se em um local p\u00fablico para passar uma mensagem de seu deus, por que a ideologia n\u00e3o seria capaz de convencer um trabalhador a defender os interesses de seu patr\u00e3o em detrimento dos \nseus?<\/p>\n\n\n\n<p>A ideologia que permeia a nossa sociedade \u00e9 detest\u00e1vel. \u00c9 uma ideologia de exclus\u00e3o, opress\u00e3o, supress\u00e3o da diferen\u00e7a, exterm\u00ednio do diferente, subjuga\u00e7\u00e3o do mais fraco, glorifica\u00e7\u00e3o do mais forte. Ocorre que essa ideologia n\u00e3o \u00e9 expressa de maneira verbal, mas de outras formas. Quando verbalizada, ela n\u00e3o \u00e9 difundida para muitos, mas passada de pessoa a pessoa, nos c\u00edrculos familiares, nos ambientes de trabalho, nas escolas\u2026 em todo lugar.<\/p>\n\n\n\n<p>Essa\n ideologia de \u00f3dio fala em reprimir gays, matar esposas que traem (ou \nmaridos), detestar argentinos (que nunca nos fizeram mal algum), amar \namericanos (que, sim, fizeram), falar em deus da boca para fora, querer a morte de quem nos ame\u00e7a e amea\u00e7ar quem pensa diferente. Essa ideologia \nfala que os sonhos n\u00e3o t\u00eam sentido, que a arte n\u00e3o serve para nada, que \nagro \u00e9 pop.<\/p>\n\n\n\n<p>Por isso \u00e9 que voc\u00ea, que individualmente \u00e9 refrat\u00e1rio a essa ideologia de \u00f3dio, se surpreende quando se v\u00ea cercado de gente a defend\u00ea-la. Voc\u00ea conseguiu abrir para si um pequeno santu\u00e1rio no mundo, aonde essa ideologia n\u00e3o chega. Voc\u00ea conseguiu um lugar onde n\u00e3o existe a sua teletela, trazendo o discurso do Grande Irm\u00e3o. Mesmo que voc\u00ea tenha feito isso apenas temporariamente e de maneira parcial, o m\u00ednimo grau de afastamento em rela\u00e7\u00e3o \u00e0 press\u00e3o da ideologia faz com que voc\u00ea comece a enxergar qu\u00e3o absurda \u00e9. Mas aqueles que n\u00e3o tem esse al\u00edvio que voc\u00ea experimenta continuam bombardeados o tempo todo por mensagens de \u00f3dio \u2014 e as repassam.<\/p>\n\n\n\n<p>Uma\n pessoa que difunde ideologias de \u00f3dio, contra minorias, contra gays, \ncontra religiosos de outra religi\u00e3o, contra ateus, contra venezuelanos, \ncontra b\u00falgaros ou gitanos\u2026 essa pessoa n\u00e3o \u00e9 um monstro, \u00e9 algu\u00e9m que \nsofre lavagem cerebral.<\/p>\n\n\n\n<p>Infelizmente n\u00e3o h\u00e1 como salvar todas essas pessoas. Em alguns casos porque somos impotentes para isso. Em outros casos porque j\u00e1 n\u00e3o vale a pena. Se voc\u00ea um velhinho de 70 anos preso a tais ideologias, cale-se. N\u00e3o vale a pena tentar convert\u00ea-lo, pois ele logo passar\u00e1 desta vida. Preocupe-se com as crian\u00e7as, com os adolescentes. S\u00e3o eles que precisam construir seus pequenos espa\u00e7os silenciosos e seguros, dentro dos quais conseguir\u00e3o pensar sem o massacre di\u00e1rio da ideologia.<\/p>\n\n\n\n<p>Se n\u00e3o lutarmos pelos jovens, a cadela do fascismo os aleitar\u00e1 e eles cresceram t\u00e3o escoiceantes quanto os seus pais, ou mais.<\/p>\n\n\n\n<p>A primeira frase grifada \u00e9 uma trova de Bastos Tigre, datada de 1922. A segunda \u00e9 uma tirada do humorista Bar\u00e3o de Itarar\u00e9, cuja data n\u00e3o me \nlembro.<\/p>\n","protected":false},"excerpt":{"rendered":"<p>Dizer-se intelectual n\u00e3o \u00e9 o mesmo que ser. Certas designa\u00e7\u00f5es s\u00f3 fazem sentido quando recebidas, nunca quando autoatribu\u00eddas. N\u00e3o \u00e9 por andar com livros que a gente fica doutor, as tra\u00e7as vivem com eles, devem sab\u00ea-los de cor. O Brasil n\u00e3o \u00e9 um pa\u00eds caracterizado pelo grande n\u00famero de intelectuais, muito menos por sua grande qualidade. Em geral o brasileiro tem pouca escolaridade formal (algo em que a \u201cintelectualidade\u201d se baseia), porcamente aproveitada (devido \u00e0 m\u00e1 qualidade da maioria de nossas escolas e \u00e0s expectativas [&hellip;]<\/p>\n","protected":false},"author":1,"featured_media":6300,"comment_status":"open","ping_status":"open","sticky":false,"template":"","format":"standard","meta":[],"categories":[46],"tags":[279,28],"_links":{"self":[{"href":"http:\/\/www.letraseletricas.blog.br\/lit\/wp-json\/wp\/v2\/posts\/6299"}],"collection":[{"href":"http:\/\/www.letraseletricas.blog.br\/lit\/wp-json\/wp\/v2\/posts"}],"about":[{"href":"http:\/\/www.letraseletricas.blog.br\/lit\/wp-json\/wp\/v2\/types\/post"}],"author":[{"embeddable":true,"href":"http:\/\/www.letraseletricas.blog.br\/lit\/wp-json\/wp\/v2\/users\/1"}],"replies":[{"embeddable":true,"href":"http:\/\/www.letraseletricas.blog.br\/lit\/wp-json\/wp\/v2\/comments?post=6299"}],"version-history":[{"count":2,"href":"http:\/\/www.letraseletricas.blog.br\/lit\/wp-json\/wp\/v2\/posts\/6299\/revisions"}],"predecessor-version":[{"id":6638,"href":"http:\/\/www.letraseletricas.blog.br\/lit\/wp-json\/wp\/v2\/posts\/6299\/revisions\/6638"}],"wp:featuredmedia":[{"embeddable":true,"href":"http:\/\/www.letraseletricas.blog.br\/lit\/wp-json\/wp\/v2\/media\/6300"}],"wp:attachment":[{"href":"http:\/\/www.letraseletricas.blog.br\/lit\/wp-json\/wp\/v2\/media?parent=6299"}],"wp:term":[{"taxonomy":"category","embeddable":true,"href":"http:\/\/www.letraseletricas.blog.br\/lit\/wp-json\/wp\/v2\/categories?post=6299"},{"taxonomy":"post_tag","embeddable":true,"href":"http:\/\/www.letraseletricas.blog.br\/lit\/wp-json\/wp\/v2\/tags?post=6299"}],"curies":[{"name":"wp","href":"https:\/\/api.w.org\/{rel}","templated":true}]}}