{"id":106,"date":"2012-11-16T22:27:00","date_gmt":"2012-11-17T01:27:00","guid":{"rendered":"http:\/\/letraseletricas.blog.br\/lit\/?p=106"},"modified":"2017-11-02T14:08:24","modified_gmt":"2017-11-02T17:08:24","slug":"largar-tudo-e-sumir","status":"publish","type":"post","link":"https:\/\/www.letraseletricas.blog.br\/lit\/2012\/11\/largar-tudo-e-sumir\/","title":{"rendered":"Largar Tudo e Sumir"},"content":{"rendered":"<p>Uma amiga postou hoje &#8220;numa rede social&#8221; (estilo Rede Globo de mencionar n\u00e3o mencionando) que estava com vontade de largar tudo e sumir. Minha primeira rea\u00e7\u00e3o ao ler o seu coment\u00e1rio foi um pensamento singelo: por que pensamos sempre que, antes de fugir, temos de largar tudo. O que \u00e9 esse &#8220;tudo&#8221; e o que representa esse &#8220;largar&#8221;? Fugir para onde?<\/p>\n<p>Algu\u00e9m j\u00e1 disse que a Aldeia Global significa que n\u00e3o haver\u00e1 asilo para ningu\u00e9m em lugar algum. A frase foi dita num contexto pol\u00edtico, mas n\u00e3o \u00e9 preciso ser um dissidente para se sentir desalojado neste mundo: aonde poderemos ir e achar a paz? Fugiremos para que parte do planeta? Por que n\u00e3o podemos levar &#8220;tudo&#8221; para l\u00e1?<\/p>\n<p>Talvez seja porque exatamente &#8220;tudo&#8221; seja o que nos faz ter vontade de fugir. Temos &#8220;tudo&#8221;, e isso significa uma falta imensa, um buraco indefinido, que em alguns tem a forma de Deus, em outros tem a forma de qualquer coisa que elejam como s\u00e9ria. Temos tanta coisa. Talvez sonhemos com uma \u00e9poca mais feliz, em que poder\u00edamos carregar &#8220;tudo&#8221; em uma mochila e sair perambulando pelo mundo. Uma \u00e9poca em que \u00e9ramos bosqu\u00edmanos nos planaltos da \u00c1frica Austral, verdadeira felicidade.<\/p>\n<p>Como eu poderia fugir amanh\u00e3 pela manh\u00e3, se isso fosse necess\u00e1rio? Poderia eu desaparecer deixando para tr\u00e1s todos esses m\u00f3veis, esse computador, minha cole\u00e7\u00e3o de discos de rock, minha pequena biblioteca, minha impressora laser, minha geladeira <em>frost-free<\/em>, minha televis\u00e3o com tela de plasma de 36 polegadas? Poderia eu carregar meu aparelho de telefone celular, meu cart\u00e3o de cr\u00e9dito, meus rem\u00e9dios controlados, meu fio dental mentolado e o papel higi\u00eanico macio? Quanto de minha vida cabe no meu carro? Poderia eu fugir num carro? Como pagar pela sua gasolina depois de alguns quil\u00f4metros?<\/p>\n<p>Largar tudo e fugir, a suprema utopia. O \u00fanico lugar aonde ainda podemos ir sem levar &#8220;tudo&#8221; \u00e9 o t\u00famulo, pois da vida s\u00f3 o &#8220;nada&#8221; se leva. Enquanto isso vivemos ancorados em nossos portos inseguros, amarrados a arm\u00e1rios, fog\u00f5es, fornos de micro ondas, baixelas de a\u00e7o inox, e todos esses confortos.<\/p>\n<p>Ontem \u00e0 tarde, ao voltar de Leopoldina, topei com dois andarilhos pela estrada. Sujos, magros, despenteados, mas vestidos com alinho. Ele com um terno amarrotado e ela com uma roupa de estilo indistingu\u00edvel. Caminhavam lentamente, com a pouca pressa de quem sabe que vai chegar, fatalmente. Iam trocando palavras e gestos de afeto. Observei-os pelo retrovisor at\u00e9 eles sumirem na curva: ali estavam dois que poderiam fugir largando tudo. Talvez at\u00e9 j\u00e1 tivessem largado. At\u00e9 mesmo suas vidas. Vagam pelas estradas como fantasmas sem destino. Possuem o nada.<\/p>\n<p>N\u00e3o os invejei, por\u00e9m. Gosto das minhas \u00e2ncoras, de todos os certificados que coleciono em pastas bonitas. Gosto desta varanda. N\u00e3o quero largar tudo e fugir, mesmo sentido o peso de todas estas coisas tolhendo as minhas pernas aos poucos, mesmo que tudo me afogue devagar, num mar de compromissos e contradi\u00e7\u00f5es. Talvez a minha amiga, como eu, saiba que n\u00e3o \u00e9 poss\u00edvel mesmo largar tudo, n\u00e3o sem largar a vida. Estamos condenados ao tudo.<\/p>\n","protected":false},"excerpt":{"rendered":"<p>Uma amiga postou hoje &#8220;numa rede social&#8221; (estilo Rede Globo de mencionar n\u00e3o mencionando) que estava com vontade de largar tudo e sumir. Minha primeira rea\u00e7\u00e3o ao ler o seu coment\u00e1rio foi um pensamento singelo: por que pensamos sempre que, antes de fugir, temos de largar tudo. O que \u00e9 esse &#8220;tudo&#8221; e o que representa esse &#8220;largar&#8221;? Fugir para onde?<\/p>\n","protected":false},"author":1,"featured_media":0,"comment_status":"open","ping_status":"open","sticky":false,"template":"","format":"standard","meta":[],"categories":[46],"tags":[33,104,54,89],"_links":{"self":[{"href":"https:\/\/www.letraseletricas.blog.br\/lit\/wp-json\/wp\/v2\/posts\/106"}],"collection":[{"href":"https:\/\/www.letraseletricas.blog.br\/lit\/wp-json\/wp\/v2\/posts"}],"about":[{"href":"https:\/\/www.letraseletricas.blog.br\/lit\/wp-json\/wp\/v2\/types\/post"}],"author":[{"embeddable":true,"href":"https:\/\/www.letraseletricas.blog.br\/lit\/wp-json\/wp\/v2\/users\/1"}],"replies":[{"embeddable":true,"href":"https:\/\/www.letraseletricas.blog.br\/lit\/wp-json\/wp\/v2\/comments?post=106"}],"version-history":[{"count":2,"href":"https:\/\/www.letraseletricas.blog.br\/lit\/wp-json\/wp\/v2\/posts\/106\/revisions"}],"predecessor-version":[{"id":4117,"href":"https:\/\/www.letraseletricas.blog.br\/lit\/wp-json\/wp\/v2\/posts\/106\/revisions\/4117"}],"wp:attachment":[{"href":"https:\/\/www.letraseletricas.blog.br\/lit\/wp-json\/wp\/v2\/media?parent=106"}],"wp:term":[{"taxonomy":"category","embeddable":true,"href":"https:\/\/www.letraseletricas.blog.br\/lit\/wp-json\/wp\/v2\/categories?post=106"},{"taxonomy":"post_tag","embeddable":true,"href":"https:\/\/www.letraseletricas.blog.br\/lit\/wp-json\/wp\/v2\/tags?post=106"}],"curies":[{"name":"wp","href":"https:\/\/api.w.org\/{rel}","templated":true}]}}