{"id":120,"date":"2012-09-07T12:07:00","date_gmt":"2012-09-07T15:07:00","guid":{"rendered":"http:\/\/letraseletricas.blog.br\/lit\/?p=120"},"modified":"2017-11-02T14:08:55","modified_gmt":"2017-11-02T17:08:55","slug":"falta-de-civismo-e-de-civilizacao","status":"publish","type":"post","link":"https:\/\/www.letraseletricas.blog.br\/lit\/2012\/09\/falta-de-civismo-e-de-civilizacao\/","title":{"rendered":"Falta de Civismo\u2026 e de Civiliza\u00e7\u00e3o"},"content":{"rendered":"<p>Apesar de identificado quase absolutamente com tudo quanto a esquerda representa, eu confesso que sou um cora\u00e7\u00e3o que ainda se agita quando ouve o bater de um tarol. As comemora\u00e7\u00f5es da Independ\u00eancia evocam lembran\u00e7as boas de minha inf\u00e2ncia, era uma ditadura, mas n\u00f3s \u00e9ramos felizes. Havia censura, mas o mundo era um pouco mais inocente, \u00e9ramos meninos e t\u00ednhamos nossos \u00eddolos. Meus amigos e eu sonh\u00e1vamos em estudar no Col\u00e9gio Cataguases s\u00f3 para podermos desfilar no Sete de Setembro envergando o uniforme de gala com colete de brim vermelho e gravata preta. Bat\u00edamos contin\u00eancia para a fanfarra do SENAI, vestida de d\u00f3lm\u00e3 e fazendo malabarismo com as baquetas.<\/p>\n<p>Por tudo isso que vivi, pelos sentimentos de amor \u00e0 P\u00e1tria que eu ainda tenho, e que n\u00e3o vou esquecer em troca de espelhos e tabaco, como muita gente que abana o rabinho, feliz, na frente de um gringo, por tudo isso eu hoje me senti injuriado como poucas vezes.<\/p>\n<p>Minha filha estava escalada para o coral que cantaria o Hino Nacional Brasileiro diante da sede da Prefeitura. Pela manh\u00e3 bem cedinho l\u00e1 estava eu para v\u00ea-la em seu momento de brilho. Por um momento me afastei para ir ao banco comprar cr\u00e9ditos para o celular e quando voltei, me vi diante de uma cena quase inacredit\u00e1vel. Enquanto as escolas faziam o aquecimento de suas fanfarras e as crian\u00e7as se reuniam no palanquinho para o momento do Hino, come\u00e7ou um culto evang\u00e9lico em alto volume em uma igrejola que funciona ali perto.<\/p>\n<p>A falta de respeito demonstrada pelo (ir)respons\u00e1vel por aquele culto foi t\u00e3o gritante que v\u00e1rias pessoas perceberam, n\u00e3o somente eu. As crian\u00e7as dando as primeiras batucadas e os alto falantes ecoando a voz de narrador de futebol do pastor mastigando as s\u00edlabas e terminado, vez em quando, numa palavra reconhec\u00edvel. Sequer percebi o momento em que o Hino Nacional foi cantado pelo coral infantil, porque aquele demente sem civilidade estava atrapalhando as solenidades com seu alto falante.<\/p>\n<p>N\u00e3o h\u00e1 absolutamente nenhuma desculpa para o que ele fez. Ele fez realmente com o objetivo de afrontar as festividades. Ele n\u00e3o pode alegar que n\u00e3o sabia que haveria solenidade porque todo mundo sabe que Sete de Setembro e feriado, e todo mundo sabe o que acontece nesse feriado. Esta \u00e9 uma data que est\u00e1 loonge de ser &#8220;surpreendente&#8221;. N\u00e3o pode dizer que usou o alto falante porque as fanfarras estavam atrapalhando a reza porque lhe faltou o bom senso de antecipar ou adiar o culto, sabendo que era Sete de Setembro e haveria fanfarras. Em vez disso, o pastor preferiu o confronto, afrontando toda a comunidade ali reunida para o desfile e atrapalhando a solenidade do Hino Nacional.<\/p>\n<p>Dir\u00e3o que estou faltando com o devido respeito ao credo ou aos crentes representados naquela igreja. Pode ser. Mas que respeito aquela igreja mostrou para com a comunidade, as escolas, as fanfarras ensaiadas durante semanas, as crian\u00e7as que cantariam o Hino, a P\u00e1tria representada naquela solenidade? Como podem querer respeito se n\u00e3o respeitam aos outros? Esta atitude, unilateral, grosseira, incivilizada e intolerante s\u00f3 serviu para mostrar quais s\u00e3o os valores ali cultivados. S\u00e3o os valores da imposi\u00e7\u00e3o, do meu alto falante de milhares de watts gritando dentro do seu ouvido o que <em>eu quero<\/em> que voc\u00ea ou\u00e7a, mesmo que voc\u00ea n\u00e3o queira. Jesus n\u00e3o merece seguidores assim, o Jesus que mandou pagar tributo a C\u00e9sar e disse ao representante do Imp\u00e9rio Romano que seu reino n\u00e3o era deste mundo.<\/p>\n<p>Minha revolta contra a afronta cometida por aquele pastor n\u00e3o \u00e9 do tipo que ser\u00e1 acalmada com um simples pedido de desculpas. Ali\u00e1s, desculpas s\u00f3 servem para acalmar a consci\u00eancia de quem errou. Para a v\u00edtima, s\u00f3 duas coisas servem: repara\u00e7\u00e3o e mudan\u00e7a. No caso \u00e9 irrepar\u00e1vel o dano, pois este Sete de Setembro foi irremediavelmente estragado naquela parte de sua solenidade. Mas seria bacana se no ano que vem os respons\u00e1veis por aquela igreja realizassem o seu culto um pouco mais cedo ou o adiassem para outro dia. Em respeito (que \u00e9 bom e todo mundo gosta) n\u00e3o s\u00f3 \u00e0 P\u00e1tria, mas \u00e0s pessoas que acordam cedo para ver o desfile de seus filhos e para acompanhar o coral infantil cantando o Hino Nacional.<\/p>\n<p>Os religiosos gostam de dizer que uma das import\u00e2ncias da religi\u00e3o \u00e9 ensinar &#8220;valores&#8221; aos fieis. Valores como respeito ao pr\u00f3ximo, base de uma sociedade pac\u00edfica e est\u00e1vel. Respeito que os respons\u00e1veis pela organiza\u00e7\u00e3o daquele culto n\u00e3o manifestaram ter em rela\u00e7\u00e3o a n\u00f3s, que est\u00e1vamos l\u00e1 para ver os nossos filhos no desfile c\u00edvico. Alguns dir\u00e3o que Jesus \u00e9 mais importante do que isso. Mas nesse caso, se em nome de Jesus se pode abolir todas as regras de educa\u00e7\u00e3o e civilidade, ent\u00e3o o que impede que em nome dEle tamb\u00e9m se roube, se mate ou se cometa qualquer crime? E nesse caso, o amor de Jesus n\u00e3o fica reduzido ao mero do inferno, que gera uma obsess\u00e3o ego\u00edsta de salva\u00e7\u00e3o, que n\u00e3o se importa com a sociedade? Que valores s\u00e3o esses? Qual a import\u00e2ncia desta religi\u00e3o para a sociedade? Eis como uma religi\u00e3o se torna ego\u00edsta e monstruosa.<\/p>\n<p>N\u00e3o quero dizer que aquela religi\u00e3o em especial seja monstruosa, mas que os seus l\u00edderes n\u00e3o podem tolerar que flores\u00e7am nela atitudes ego\u00edstas e desrespeitosas para com o pr\u00f3ximo, sob pena de se permitir que a monstruosidade medre. Se \u00e9 verdade que Jesus quebrou as regras da sociedade ao curar no s\u00e1bado, tamb\u00e9m \u00e9 verdade que, al\u00e9m de tudo que disse sobre a conviv\u00eancia com o Estado (citado acima), ele tamb\u00e9m recomendou aos seus fieis que fossem mansos, &#8220;porque os mansos herdar\u00e3o a terra&#8221;.<\/p>\n","protected":false},"excerpt":{"rendered":"<p>Apesar de identificado quase absolutamente com tudo quanto a esquerda representa, eu confesso que sou um cora\u00e7\u00e3o que ainda se agita quando ouve o bater de um tarol. As comemora\u00e7\u00f5es da Independ\u00eancia evocam lembran\u00e7as boas de minha inf\u00e2ncia, era uma ditadura, mas n\u00f3s \u00e9ramos felizes. Havia censura, mas o mundo era um pouco mais inocente, \u00e9ramos meninos e t\u00ednhamos nossos \u00eddolos. Meus amigos e eu sonh\u00e1vamos em estudar no Col\u00e9gio Cataguases s\u00f3 para podermos desfilar no Sete de Setembro envergando o uniforme de gala com [&hellip;]<\/p>\n","protected":false},"author":1,"featured_media":0,"comment_status":"open","ping_status":"open","sticky":false,"template":"","format":"standard","meta":[],"categories":[46],"tags":[45,77,108,76],"_links":{"self":[{"href":"https:\/\/www.letraseletricas.blog.br\/lit\/wp-json\/wp\/v2\/posts\/120"}],"collection":[{"href":"https:\/\/www.letraseletricas.blog.br\/lit\/wp-json\/wp\/v2\/posts"}],"about":[{"href":"https:\/\/www.letraseletricas.blog.br\/lit\/wp-json\/wp\/v2\/types\/post"}],"author":[{"embeddable":true,"href":"https:\/\/www.letraseletricas.blog.br\/lit\/wp-json\/wp\/v2\/users\/1"}],"replies":[{"embeddable":true,"href":"https:\/\/www.letraseletricas.blog.br\/lit\/wp-json\/wp\/v2\/comments?post=120"}],"version-history":[{"count":4,"href":"https:\/\/www.letraseletricas.blog.br\/lit\/wp-json\/wp\/v2\/posts\/120\/revisions"}],"predecessor-version":[{"id":5254,"href":"https:\/\/www.letraseletricas.blog.br\/lit\/wp-json\/wp\/v2\/posts\/120\/revisions\/5254"}],"wp:attachment":[{"href":"https:\/\/www.letraseletricas.blog.br\/lit\/wp-json\/wp\/v2\/media?parent=120"}],"wp:term":[{"taxonomy":"category","embeddable":true,"href":"https:\/\/www.letraseletricas.blog.br\/lit\/wp-json\/wp\/v2\/categories?post=120"},{"taxonomy":"post_tag","embeddable":true,"href":"https:\/\/www.letraseletricas.blog.br\/lit\/wp-json\/wp\/v2\/tags?post=120"}],"curies":[{"name":"wp","href":"https:\/\/api.w.org\/{rel}","templated":true}]}}