{"id":154,"date":"2012-04-17T22:00:00","date_gmt":"2012-04-18T01:00:00","guid":{"rendered":"http:\/\/letraseletricas.blog.br\/lit\/?p=154"},"modified":"2017-11-02T14:08:59","modified_gmt":"2017-11-02T17:08:59","slug":"o-reino-esquecido","status":"publish","type":"post","link":"https:\/\/www.letraseletricas.blog.br\/lit\/2012\/04\/o-reino-esquecido\/","title":{"rendered":"O Reino Esquecido"},"content":{"rendered":"<p>Mais um romance conclu\u00eddo, o terceiro de minha amador\u00edssima carreira. <i>O Reino Esquecido<\/i> \u00e9 um romance que mescla v\u00e1rios elementos e personagens para contar a hist\u00f3ria de Raimundo Gomes e Jacques Erhardt, dois homens que, em momentos diferentes, se apaixonam pela enigm\u00e1tica Estela e pela saga complicada do min\u00fasculo reino medieval da Als\u00e1cia-Sarre, de que nunca se ouvira falar.<\/p>\n<p>Embora eu j\u00e1 o tenha dado como \u00abterminado\u00bb hoje, ao finalmente alinhavar todos os elementos da hist\u00f3ria de dos tr\u00eas protagonistas e definir a trama b\u00e1sica, ainda tenho certas vontades ocasionais de dar mais vida a alguns dos personagens. Talvez o fa\u00e7a em uma continua\u00e7\u00e3o ou em um conto avulso, ou possivelmente em um cap\u00edtulo.<\/p>\n<p>Eis a galeria dos personagens:<\/p>\n<dl>\n<dt>Raimundo Gomes<\/dt>\n<dd>Um desajustado rebelde sem causa que foge com um circo, encantado por uma \u00abmulher tatuada\u00bb, e acaba se tornando, muito mais tarde, um estudante de gradua\u00e7\u00e3o de Hist\u00f3ria com sonhos de grandeza.<\/dd>\n<dt>Encarnaci\u00f3n Perez<\/dt>\n<dd>Artista de um circo argentino que se passa por russo. Atiradora de facas, engolidora de espadas e \u00abmulher tatuada\u00bb.<\/dd>\n<dt>Jacques Erhardt<\/dt>\n<dd>Um luxemburgu\u00eas de classe m\u00e9dia-baixa, filho de um imigrante alem\u00e3o, que se gradua na prestigiada Universidade de Lovaina, mas tem sua reputa\u00e7\u00e3o complicada por causa de uma pesquisa obscura sobre o misterioso reino medieval.<\/dd>\n<dt>Phillipe du Plessis<\/dt>\n<dd>Domador de le\u00f5es, um sul-africano desertor do ex\u00e9rcito daquele pa\u00eds na \u00e9poca do apartheid (a hist\u00f3ria se passa ao longo dos anos setenta e oitenta e termina em 1992). Atormentado pelos fantasmas de seu passado, vicia-se em aguardente e em perigo.<\/dd>\n<dt>Clarice Souza<\/dt>\n<dd>Garota pobre e negra, bonita e bastante inteligente, que tenta seduzir Raimundo na \u00e9poca em que ele tenta se reconciliar com seu pai.<\/dd>\n<dt>Estela Urzaiz<\/dt>\n<dd>Mulher misteriosa e meio ap\u00e1trida, nascida na B\u00e9lgica de m\u00e3e paraguaia e pai espanhol, ambos exilados das ditaduras de seus pa\u00edses natais. Educada em um lar de comunistas, enfrenta o dilema de tornar-se madame da sociedade decadente de um pa\u00eds perif\u00e9rico da Am\u00e9rica do Sul.<\/dd>\n<dt>Henrique Gomes<\/dt>\n<dd>O pai de Raimundo. Um comerciante de mentalidade estreita e temperamento autorit\u00e1rio, que a duras penas aprende a respeitar as idiossincrasias do filho.<\/dd>\n<\/dl>\n<p>Entre esses personagens h\u00e1 dois que particularmente me fascinam, Clarice e Phillipe. Inclusive eu tenho uma grande vontade de faz\u00ea-los encontrarem-se e viverem uma t\u00f3rrida paix\u00e3o. O dif\u00edcil \u00e9 que, na \u00e9poca em que Clarice poderia encontr\u00e1-lo, ela teria 25 anos mais ou menos, e ele seus 40 e tantos, j\u00e1 grisalho e meio careca. Ou eu redescrevo o Phillipe (e para isso terei que mudar um pouco sua hist\u00f3ria pr\u00e9via),  ou envelhe\u00e7o a Clarice (o que \u00e9 uma covardia, j\u00e1 que mulheres bonitas deveriam ser eternamente jovens), ou desisto de uni-los.<\/p>\n","protected":false},"excerpt":{"rendered":"<p>Mais um romance conclu\u00eddo, o terceiro de minha amador\u00edssima carreira. O Reino Esquecido \u00e9 um romance que mescla v\u00e1rios elementos e personagens para contar a hist\u00f3ria de Raimundo Gomes e Jacques Erhardt, dois homens que, em momentos diferentes, se apaixonam pela enigm\u00e1tica Estela e pela saga complicada do min\u00fasculo reino medieval da Als\u00e1cia-Sarre, de que nunca se ouvira falar. Embora eu j\u00e1 o tenha dado como \u00abterminado\u00bb hoje, ao finalmente alinhavar todos os elementos da hist\u00f3ria de dos tr\u00eas protagonistas e definir a trama b\u00e1sica, [&hellip;]<\/p>\n","protected":false},"author":1,"featured_media":0,"comment_status":"open","ping_status":"open","sticky":false,"template":"","format":"standard","meta":[],"categories":[117],"tags":[37],"_links":{"self":[{"href":"https:\/\/www.letraseletricas.blog.br\/lit\/wp-json\/wp\/v2\/posts\/154"}],"collection":[{"href":"https:\/\/www.letraseletricas.blog.br\/lit\/wp-json\/wp\/v2\/posts"}],"about":[{"href":"https:\/\/www.letraseletricas.blog.br\/lit\/wp-json\/wp\/v2\/types\/post"}],"author":[{"embeddable":true,"href":"https:\/\/www.letraseletricas.blog.br\/lit\/wp-json\/wp\/v2\/users\/1"}],"replies":[{"embeddable":true,"href":"https:\/\/www.letraseletricas.blog.br\/lit\/wp-json\/wp\/v2\/comments?post=154"}],"version-history":[{"count":2,"href":"https:\/\/www.letraseletricas.blog.br\/lit\/wp-json\/wp\/v2\/posts\/154\/revisions"}],"predecessor-version":[{"id":5280,"href":"https:\/\/www.letraseletricas.blog.br\/lit\/wp-json\/wp\/v2\/posts\/154\/revisions\/5280"}],"wp:attachment":[{"href":"https:\/\/www.letraseletricas.blog.br\/lit\/wp-json\/wp\/v2\/media?parent=154"}],"wp:term":[{"taxonomy":"category","embeddable":true,"href":"https:\/\/www.letraseletricas.blog.br\/lit\/wp-json\/wp\/v2\/categories?post=154"},{"taxonomy":"post_tag","embeddable":true,"href":"https:\/\/www.letraseletricas.blog.br\/lit\/wp-json\/wp\/v2\/tags?post=154"}],"curies":[{"name":"wp","href":"https:\/\/api.w.org\/{rel}","templated":true}]}}