{"id":1626,"date":"2014-05-25T22:36:46","date_gmt":"2014-05-26T01:36:46","guid":{"rendered":"http:\/\/www.letraseletricas.blog.br\/lit\/?p=1626"},"modified":"2017-08-13T00:40:52","modified_gmt":"2017-08-13T03:40:52","slug":"ai-de-ti-literatura-brasileira","status":"publish","type":"post","link":"https:\/\/www.letraseletricas.blog.br\/lit\/2014\/05\/ai-de-ti-literatura-brasileira\/","title":{"rendered":"Ai de ti, Literatura Brasileira"},"content":{"rendered":"<p>Que a maioria dos jovens que pretendem ser escritores carece de significativo talento para escrever, isso eu sempre soube (e frequentemente me incluo nesse grupo de med\u00edocres que se diverte escrevendo, mas nunca vai a lugar algum). O que eu n\u00e3o sabia \u00e9 que esse problema, ao se fixar e agravar com o tempo, come\u00e7asse a comprometer at\u00e9 mesmo a capacidade de tais jovens em serem leitores. Fatos ocorridos hoje no grupo &#8220;Escritores ajudando outros escritores&#8221;, no Facebook me mostraram que se certo tipo de pessoa for predominante, n\u00e3o h\u00e1 mais futuro para a nossa arte liter\u00e1ria.<\/p>\n<div id=\"attachment_1627\" style=\"width: 310px\" class=\"wp-caption alignleft\"><a href=\"http:\/\/www.letraseletricas.blog.br\/lit\/wp-content\/uploads\/2014\/05\/buttpumpkin.png\"><img aria-describedby=\"caption-attachment-1627\" loading=\"lazy\" src=\"http:\/\/www.letraseletricas.blog.br\/lit\/wp-content\/uploads\/2014\/05\/buttpumpkin-300x195.png\" alt=\"Moranga\" width=\"300\" height=\"195\" class=\"size-medium wp-image-1627\" \/><\/a><p id=\"caption-attachment-1627\" class=\"wp-caption-text\">O que foi visto, n\u00e3o ser\u00e1 esquecido<\/p><\/div>\n<p>Tudo come\u00e7ou em um t\u00f3pico onde uma mo\u00e7a educad\u00edssima reclamou que alguns jovens metidos a escritores s\u00e3o t\u00e3o incultos que escrevem errado at\u00e9 o nome do pa\u00eds, grafando BraZil com Z. Houve alguns desentendimentos de praxe, pois a turma da carapu\u00e7a n\u00e3o consegue deixar de gritar presente quando algu\u00e9m fala em falta de conhecimento b\u00e1sico da l\u00edngua, mas tudo ia sendo debatido cordialmente at\u00e9 algu\u00e9m alegar que erros ortogr\u00e1ficos **n\u00e3o** significam falta de cultura (n\u00e3o, claro que n\u00e3o, o que \u00e9 isso, gente culta escreve at\u00e9 &#8220;kabelo&#8221; e &#8220;xiqlete&#8221;). Quando a mesma mo\u00e7a que criara o t\u00f3pico lembrou que o processo de aquisi\u00e7\u00e3o da l\u00edngua escrita (alfabetiza\u00e7\u00e3o) passa pelas tais [tr\u00eas fases  da leitura](http:\/\/www.enscer.com.br\/material\/artigos\/eina\/linguagem\/geral\/fases.php) (be-a-b\u00e1 para quem estudou did\u00e1tica).<\/p>\n<p>\u00c9 auto-evidente que um escritor precisa estar na fase ortogr\u00e1fica  da alfabetiza\u00e7\u00e3o, n\u00e3o pode ser um soletrador e nem um int\u00e9rprete de s\u00edmbolos. Mas a simples men\u00e7\u00e3o a este conhecimento ouri\u00e7ou ainda mais  a turma da carapu\u00e7a, que se sentiu humilhada e inferiorizada pela sensa\u00e7\u00e3o de que todos haviam sido chamados de semianalfas (de certa forma, foram). Poderiam n\u00e3o ter dito nada, mas a turma da carapu\u00e7a adora passar recibo.<\/p>\n<p>Por\u00e9m algumas pessoas est\u00e3o dispostas a seguir aprendendo, a lapidar-se no rumo da perfei\u00e7\u00e3o, mesmo sabendo-a inating\u00edvel, enquanto outras est\u00e3o orgulhosas de serem pedra e resistir ao nascimento da est\u00e1tua. Na confus\u00e3o de afirmativas que se seguiu, um jovem, com certa humildade, reconheceu que ainda tem muito o que aprender e afirmou o seguinte:<\/p>\n<p><a href=\"http:\/\/www.letraseletricas.blog.br\/lit\/wp-content\/uploads\/2014\/05\/0.png\"><img loading=\"lazy\" src=\"http:\/\/www.letraseletricas.blog.br\/lit\/wp-content\/uploads\/2014\/05\/0-300x55.png\" alt=\"... voc\u00ea pode notar que todo mundo erra, n\u00e9? Com certeza o E... tem muita experi\u00eancia e, por consequ\u00eancia, muita intelig\u00eancia. Se eu fosse profissional, com certeza n\u00e3o estaria aqui, e quanto a receber cr\u00edticas, n\u00e3o tenho nenhum problema...\" width=\"300\" height=\"55\" class=\"aligncenter size-medium wp-image-1628\" \/><\/a><\/p>\n<p>Este garoto enxergou em certo indiv\u00edduo, a quem chamarei de &#8220;E&#8221;, talentos que faziam parecer que ele tinha muita experi\u00eancia e intelig\u00eancia.<\/p>\n<p>Outro membro do grupo achou que o tal &#8220;E&#8221; n\u00e3o era nem experiente e nem inteligente, apenas parecia ter completado bem o seu processo de alfabetiza\u00e7\u00e3o (ao contr\u00e1rio de outros que andavam comentando):<\/p>\n<p><a href=\"http:\/\/www.letraseletricas.blog.br\/lit\/wp-content\/uploads\/2014\/05\/2.png\"><img loading=\"lazy\" src=\"http:\/\/www.letraseletricas.blog.br\/lit\/wp-content\/uploads\/2014\/05\/2-300x35.png\" alt=\"Eu n\u00e3o acho que o E... tenha mais experi\u00eancia. Com certeza o que ele tem chama-se ensino fundamental completo.\" width=\"300\" height=\"35\" class=\"aligncenter size-medium wp-image-1629\" \/><\/a><\/p>\n<p>Para qualquer um alfabetizado at\u00e9 a fase ortogr\u00e1fica e que n\u00e3o estivesse com o senso de humor desligado ficaria evidente que n\u00e3o se tratava de uma ofensa ao E&#8230;, mas apenas uma alus\u00e3o ao fato de ele, ao contr\u00e1rio de outros, parecer ter completado os estudos b\u00e1sicos necess\u00e1rios.<\/p>\n<p>Por algum motivo, por\u00e9m, o tal &#8220;E&#8221; n\u00e3o entendeu a ironia, ou talvez n\u00e3o tenha chegado a completar os estudos b\u00e1sicos. Interpretou a curta ironia como uma ofensa pessoal. Vestiu orgulhosamente a carapu\u00e7a, achando que o chamavam de inculto (coisa que ele definitivamente n\u00e3o aparentava ser) e respondeu &#8220;\u00e0 altura&#8221;:<\/p>\n<p><a href=\"http:\/\/www.letraseletricas.blog.br\/lit\/wp-content\/uploads\/2014\/05\/3.png\"><img loading=\"lazy\" src=\"http:\/\/www.letraseletricas.blog.br\/lit\/wp-content\/uploads\/2014\/05\/3-300x96.png\" alt=\"3\" width=\"300\" height=\"96\" class=\"aligncenter size-medium wp-image-1630\" \/><\/a><\/p>\n<p>O comentarista que aludira ao tal &#8220;E&#8221; possuir, pelo menos, o ensino prim\u00e1rio j\u00e1 andava impaciente de outras situa\u00e7\u00f5es e n\u00e3o quis explicar. Pediu que algu\u00e9m explicasse. Novamente o &#8220;E&#8221; interpretou isso como uma tentativa de negar que o ofendera, e fez quest\u00e3o de citar, bem claramente, que havia realmente interpretado errado a frase que eu n\u00e3o conseguia acreditar que ele tivesse interpretado errado:<\/p>\n<p><a href=\"http:\/\/www.letraseletricas.blog.br\/lit\/wp-content\/uploads\/2014\/05\/4.png\"><img loading=\"lazy\" src=\"http:\/\/www.letraseletricas.blog.br\/lit\/wp-content\/uploads\/2014\/05\/4-300x119.png\" alt=\"4\" width=\"300\" height=\"119\" class=\"aligncenter size-medium wp-image-1631\" \/><\/a><\/p>\n<p>Tudo poderia ter sido s\u00f3 um arranca-rabo se eu, por vias tortas, n\u00e3o tivesse sido tamb\u00e9m envolvido nesse torvelinho de fel, o que fez com que, em outro t\u00f3pico, o mesmo &#8220;E&#8221; resolvesse tentar trombar comigo. Como n\u00e3o estamos na rua e ele n\u00e3o pode me bater fisicamente, resolveu tentar desqualificar um argumento meu em defesa do escritor Jos\u00e9 Castello, que v\u00ea uma perda de diversidade cultural da nossa literatura, causada pela padroniza\u00e7\u00e3o segundo n\u00e3o apenas o gosto internacional, mas segundo os clich\u00eas que o p\u00fablico do exterior associa ao Brasil (o tipo de atitude que antigamente se chamava de &#8220;macumba para turista&#8221;).<\/p>\n<p><a href=\"http:\/\/www.letraseletricas.blog.br\/lit\/wp-content\/uploads\/2014\/05\/5.png\"><img loading=\"lazy\" src=\"http:\/\/www.letraseletricas.blog.br\/lit\/wp-content\/uploads\/2014\/05\/5-300x101.png\" alt=\"5\" width=\"300\" height=\"101\" class=\"aligncenter size-medium wp-image-1632\" \/><\/a><\/p>\n<p>A resposta que eu lhe dei eu nem vou publicar aqui porque eu confesso que me excedi. Afinal, n\u00e3o \u00e9 todo dia que voc\u00ea v\u00ea um sujeito com tamanho talento para lacaio, que tem tanta vontade de puxar saco de gringo assim. O simples fato de algu\u00e9m pensar assim j\u00e1 me ofende, e acredito que deveria ofender a muito mais gente. <\/p>\n<p>Porque o que est\u00e1 em jogo \u00e9 mais do que meramente a literatura, \u00e9 o futuro do pa\u00eds. Nesse momento delicado da hist\u00f3ria mundial, somos continuamente bombardeados de propaganda por todos os lados e existem poderes que investem milh\u00f5es para converter cora\u00e7\u00f5es e mentes a lutarem contra seu futuro e o de seus filhos. E da\u00ed voc\u00ea enxerga um cara desses, que n\u00e3o s\u00f3 sofreu lavagem cerebral como parece que comprou a m\u00e1quina e o sab\u00e3o e at\u00e9 esfregou ele mesmo.<\/p>\n<p>Essa \u00e9 a nossa resposta ao Dr Strangelove. Se o original parou de se preocupar e come\u00e7ou a amar a bomba at\u00f4mica, o nosso Dr Estranhamor parou de pensar e resolveu orgulhosamente ser formatado pela hegemonia cultural anglo-americana&#8230;<\/p>\n<p>Ele n\u00e3o \u00e9 o \u00fanico. Teve curtidas. E teve gente que n\u00e3o teve coragem de curtir depois que eu o descasquei, reduzindo-o ao capacho que ele sonha ser.<\/p>\n<p>Mas n\u00e3o me deixam mentir esses milhares de jovens autores que cresceram lendo somente best-sellers americanos e sonham em escrever para o mercado de l\u00e1 em vez do de c\u00e1.<\/p>\n","protected":false},"excerpt":{"rendered":"<p>Que a maioria dos jovens que pretendem ser escritores carece de significativo talento para escrever, isso eu sempre soube (e frequentemente me incluo nesse grupo de med\u00edocres que se diverte escrevendo, mas nunca vai a lugar algum). O que eu n\u00e3o sabia \u00e9 que esse problema, ao se fixar e agravar com o tempo, come\u00e7asse a comprometer at\u00e9 mesmo a capacidade de tais jovens em serem leitores. Fatos ocorridos hoje no grupo &#8220;Escritores ajudando outros escritores&#8221;, no Facebook me mostraram que se certo tipo de [&hellip;]<\/p>\n","protected":false},"author":1,"featured_media":0,"comment_status":"open","ping_status":"open","sticky":false,"template":"","format":"standard","meta":[],"categories":[183],"tags":[148,28,76,9,47,57,106,8],"_links":{"self":[{"href":"https:\/\/www.letraseletricas.blog.br\/lit\/wp-json\/wp\/v2\/posts\/1626"}],"collection":[{"href":"https:\/\/www.letraseletricas.blog.br\/lit\/wp-json\/wp\/v2\/posts"}],"about":[{"href":"https:\/\/www.letraseletricas.blog.br\/lit\/wp-json\/wp\/v2\/types\/post"}],"author":[{"embeddable":true,"href":"https:\/\/www.letraseletricas.blog.br\/lit\/wp-json\/wp\/v2\/users\/1"}],"replies":[{"embeddable":true,"href":"https:\/\/www.letraseletricas.blog.br\/lit\/wp-json\/wp\/v2\/comments?post=1626"}],"version-history":[{"count":3,"href":"https:\/\/www.letraseletricas.blog.br\/lit\/wp-json\/wp\/v2\/posts\/1626\/revisions"}],"predecessor-version":[{"id":4705,"href":"https:\/\/www.letraseletricas.blog.br\/lit\/wp-json\/wp\/v2\/posts\/1626\/revisions\/4705"}],"wp:attachment":[{"href":"https:\/\/www.letraseletricas.blog.br\/lit\/wp-json\/wp\/v2\/media?parent=1626"}],"wp:term":[{"taxonomy":"category","embeddable":true,"href":"https:\/\/www.letraseletricas.blog.br\/lit\/wp-json\/wp\/v2\/categories?post=1626"},{"taxonomy":"post_tag","embeddable":true,"href":"https:\/\/www.letraseletricas.blog.br\/lit\/wp-json\/wp\/v2\/tags?post=1626"}],"curies":[{"name":"wp","href":"https:\/\/api.w.org\/{rel}","templated":true}]}}