{"id":165,"date":"2012-03-09T21:57:00","date_gmt":"2012-03-10T00:57:00","guid":{"rendered":"http:\/\/letraseletricas.blog.br\/lit\/?p=165"},"modified":"2017-11-02T14:09:00","modified_gmt":"2017-11-02T17:09:00","slug":"os-idiotas-eram-sos","status":"publish","type":"post","link":"https:\/\/www.letraseletricas.blog.br\/lit\/2012\/03\/os-idiotas-eram-sos\/","title":{"rendered":"Os Idiotas Eram S\u00f3s\u2026"},"content":{"rendered":"<p>\u2026ou n\u00e3o andavam t\u00e3o bem acompanhados. Era um mundo melhor, no qual voc\u00ea n\u00e3o se fazia ouvir nem na esquina, mas podia pelo menos desfrutar da doce sensa\u00e7\u00e3o de que as suas ideias n\u00e3o seriam incompreendidas e ridicularizadas por idiotas.<\/p>\n<p>O ser idiota \u00e9 um ser coletivo, greg\u00e1rio, agremiado, associado, mesmo que informalmente. Ningu\u00e9m consegue ser realmente um idiota quando est\u00e1 sozinho porque o eco das paredes nos d\u00e1 a estranha sensa\u00e7\u00e3o de que n\u00e3o somos geniais ou, ainda pior, de que nossa genialidade nunca ser\u00e1 compreendida. Em ambos os casos poupamos o mundo de nossas palavras por tempo suficiente para que amadure\u00e7am, ou amadure\u00e7amos, ou emude\u00e7amos, ou apodre\u00e7amos.<\/p>\n<p>Um grupo de pessoas apenas moderadamente bobas pode transformar-se em uma turba vociferante de trogloditas. Um babaca n\u00e3o comprar\u00e1 uma briga contra o carinha que lhe \u00abolhou torto\u00bb na rua, um grupo de babacas pode massacrar um mendigo pelo prazer de ouvir ossos quebrando. Coletivamente, a idiotice se potencializa. Mas remova cada um dos idiotas de seu bando e voc\u00ea ter\u00e1 um gatinho educado. Sem \u00abamigos l\u00e1 fora\u00bb para impor sua interpreta\u00e7\u00e3o idiota do mundo, o gatinho aprender\u00e1 a negociar, a conversar. Esta \u00e9 a grande virtude das pris\u00f5es: as pris\u00f5es deveriam ser o \u00abcantinho pensamento\u00bb para os meninos maus da sociedade. Infelizmente, vivemos numa sociedade em que os castigos s\u00e3o vistos como manifesta\u00e7\u00f5es autorit\u00e1rias da tradi\u00e7\u00e3o. Talvez sejam, mas negociar uma entrada honrosa no mundo adulto \u00e9 algo que j\u00e1 saiu meio de moda. Todos querem entrar arrombando, pisoteando, idioteando.<\/p>\n<p>O mundo era melhor no tempo em que n\u00e3o havia tantos bandos de valentes, no tempo em que os valentes se orgulhavam de resolver sozinhos. Hoje em dia, j\u00e1 que estamos ficando modernos, resolvemos redescobrir a Idade M\u00e9dia e trouxemos de l\u00e1 o que os franceses chamavam de <i>mel\u00e9e<\/i>, a guerra bruta e desorganizada que s\u00f3 terminava quando os vivos come\u00e7avam a trope\u00e7ar demais nos mortos. A guerra est\u00fapida e b\u00e1rbara contra a qual a civiliza\u00e7\u00e3o procurou impor c\u00f3digos de cavalaria, tr\u00e9guas dominicais, direitos de asilo, honra militar etc. Briga em porta de escola \u00e9 um choque de bandos, ningu\u00e9m ali possui individualidade, s\u00e3o idiotas que se entregam ao esp\u00edrito do bando \u2014 e todo bando \u00e9 necessariamente idiota, todo partido \u00e9 ut\u00f3pico, toda associa\u00e7\u00e3o \u00e9 ing\u00eanua, todo grupo \u00e9 meio besta. Houve um tempo em que afirmar-se como indiv\u00edduo era sinal de honra. Hoje, a folha de grama que se destaca \u00e9 aparada.<\/p>\n<p>Conformem-se, garotos que est\u00e3o hoje nas escolas. Voc\u00eas n\u00e3o ter\u00e3o a permiss\u00e3o de viver com a liberdade que eu vivi. Eu vivi sob uma ditadura os meus tempos de escola, mas vivi mais livre do que voc\u00eas. Porque as correntes com que nos amarramos a n\u00f3s mesmos s\u00e3o as mais dif\u00edceis de romper. Quem romper\u00e1 a corrente de massifica\u00e7\u00e3o, de idiotiza\u00e7\u00e3o? Experimente gostar de uma garota diferente, ouvir uma m\u00fasica diferente, passar por uma rua diferente, vestir-se com uma roupa diferente. Esc\u00e1rnio, no come\u00e7o, xingamentos, pouco depois, talvez uma pedrada na testa ou, se for poss\u00edvel, um linchamento. Moral ou f\u00edsico, j\u00e1 tanto faz. N\u00e3o existe muita vida depois que voc\u00ea perde o direito de ser voc\u00ea mesmo. E passa a ser um dos idiotas do bando.<\/p>\n","protected":false},"excerpt":{"rendered":"<p>\u2026ou n\u00e3o andavam t\u00e3o bem acompanhados. Era um mundo melhor, no qual voc\u00ea n\u00e3o se fazia ouvir nem na esquina, mas podia pelo menos desfrutar da doce sensa\u00e7\u00e3o de que as suas ideias n\u00e3o seriam incompreendidas e ridicularizadas por idiotas. O ser idiota \u00e9 um ser coletivo, greg\u00e1rio, agremiado, associado, mesmo que informalmente. Ningu\u00e9m consegue ser realmente um idiota quando est\u00e1 sozinho porque o eco das paredes nos d\u00e1 a estranha sensa\u00e7\u00e3o de que n\u00e3o somos geniais ou, ainda pior, de que nossa genialidade nunca [&hellip;]<\/p>\n","protected":false},"author":1,"featured_media":0,"comment_status":"open","ping_status":"open","sticky":false,"template":"","format":"standard","meta":[],"categories":[46],"tags":[67,81,88,77,94,57,119],"_links":{"self":[{"href":"https:\/\/www.letraseletricas.blog.br\/lit\/wp-json\/wp\/v2\/posts\/165"}],"collection":[{"href":"https:\/\/www.letraseletricas.blog.br\/lit\/wp-json\/wp\/v2\/posts"}],"about":[{"href":"https:\/\/www.letraseletricas.blog.br\/lit\/wp-json\/wp\/v2\/types\/post"}],"author":[{"embeddable":true,"href":"https:\/\/www.letraseletricas.blog.br\/lit\/wp-json\/wp\/v2\/users\/1"}],"replies":[{"embeddable":true,"href":"https:\/\/www.letraseletricas.blog.br\/lit\/wp-json\/wp\/v2\/comments?post=165"}],"version-history":[{"count":2,"href":"https:\/\/www.letraseletricas.blog.br\/lit\/wp-json\/wp\/v2\/posts\/165\/revisions"}],"predecessor-version":[{"id":5287,"href":"https:\/\/www.letraseletricas.blog.br\/lit\/wp-json\/wp\/v2\/posts\/165\/revisions\/5287"}],"wp:attachment":[{"href":"https:\/\/www.letraseletricas.blog.br\/lit\/wp-json\/wp\/v2\/media?parent=165"}],"wp:term":[{"taxonomy":"category","embeddable":true,"href":"https:\/\/www.letraseletricas.blog.br\/lit\/wp-json\/wp\/v2\/categories?post=165"},{"taxonomy":"post_tag","embeddable":true,"href":"https:\/\/www.letraseletricas.blog.br\/lit\/wp-json\/wp\/v2\/tags?post=165"}],"curies":[{"name":"wp","href":"https:\/\/api.w.org\/{rel}","templated":true}]}}