{"id":178,"date":"2012-01-14T14:57:00","date_gmt":"2012-01-14T17:57:00","guid":{"rendered":"http:\/\/letraseletricas.blog.br\/lit\/?p=178"},"modified":"2017-11-02T14:09:02","modified_gmt":"2017-11-02T17:09:02","slug":"o-mago-e-o-insuportavel","status":"publish","type":"post","link":"https:\/\/www.letraseletricas.blog.br\/lit\/2012\/01\/o-mago-e-o-insuportavel\/","title":{"rendered":"O Mago e o Insuport\u00e1vel"},"content":{"rendered":"<p>Reconhecidamente autor de obras insuport\u00e1veis para quem efetivamente l\u00ea, em vez de comprar para enfeitar estante ou para ter \u00abli\u00e7\u00f5es de vida\u00bb, Paulo Coelho se tornou o piv\u00f4 de uma curiosa briga na internet nas \u00faltimas semanas. Eu, como sempre, marido tra\u00eddo em mat\u00e9ria de not\u00edcias culturais, fiquei sabendo s\u00f3 agora. Em uma postagem no Twitter, o Mago chamou de insuport\u00e1vel o novo livro de M\u00e1rio Sabino. Achei a atitude do mago bastante imoral, embora o livro criticado seja mesmo, provavelmente, dif\u00edcil de suportar. Para que o leitor possa entender as raz\u00f5es de meu julgamento, vou fazer um apanhado da hist\u00f3ria.<\/p>\n<p>M\u00e1rio Sabino \u00e9 um jornalista brasileiro. Como muitos jornalistas, tem uma plataforma gratuita para lan\u00e7ar-se como autor liter\u00e1rio (mas provavelmente vociferou contra a derrubada da exig\u00eancia de diploma para o exerc\u00edcio do jornalismo e n\u00e3o aceitaria que autores liter\u00e1rios tentassem a m\u00e3o no jornalismo). M\u00e1rio Sabino, ao que parece, nunca se notabilizou como rep\u00f3rter, mas chegou a cargos de mando relevantes em publica\u00e7\u00f5es como Isto\u00c9 e, at\u00e9 recentemente, Veja. \u00c9 um cara de ultra-direita (se for sincero), ou totalmente prostitu\u00eddo para a direita (caso n\u00e3o seja). N\u00e3o tenho problemas com sua ideologia: apenas discordo antipodamente dela (em qualquer das hip\u00f3teses). N\u00e3o estou aqui para falar de sua postura profissional, e nem sequer de suas qualidades de autor, mas do entrevero Sabino\/Coelho. Quem n\u00e3o quiser ler a minha vers\u00e3o, pode procurar no Google, que est\u00e1 bombando com o assunto, ou ler <span class=\"removed_link\" title=\"http:\/\/www.advivo.com.br\/blog\/luisnassif\/paulo-coelho-e-o-livro-insuportavel-de-mario-sabino\">a resenha do Luiz Nassif<\/span>, um jornalista que, a julgar pelo que escreve, deve ser uma \u00f3tima pessoa (n\u00e3o o conhe\u00e7o pessoalmente).<\/p>\n<p>Na qualidade de editor-chefe da revista Veja, M\u00e1rio Sabino sofreu v\u00e1rios tipos de cr\u00edticas quanto \u00e0 sua conduta profissional. Estas cr\u00edticas n\u00e3o me interessam. O que me interessa \u00e9 que este per\u00edodo de sua vida coincidiu com o in\u00edcio de sua carreira liter\u00e1ria. Tal como eu, Sabino \u00e9 um <em>late bloomer<\/em>, ou seja, s\u00f3 come\u00e7ou a publicar tardiamente. A diferen\u00e7a \u00e9 que eu publico em editora pequena e tenho quase nula repercuss\u00e3o. Sabino, devido ao poder emanado de sua condi\u00e7\u00e3o de manda-chuva editorial de uma das principais publica\u00e7\u00f5es do pa\u00eds, publicou pela Editora Record. Tal como muitas celebridades, vendeu muito, mais pelo nome conhecido e pela divulga\u00e7\u00e3o rec\u00edproca entre seus pares. Provavelmente teria vendido algumas dezenas de exemplares apenas, se em vez de editor-chefe da veja ele fosse editor-chefe da Folha de Cabrob\u00f3 ou da Gazeta Leopoldinense. \u00c9 preciso desconfiar do sucesso que \u00e9 alimentado pelo poder.<\/p>\n<p>Pelo que pude verificar, Sabino publicou quatro livros durante sua fase na Veja (n\u00e3o sei e n\u00e3o quero saber se publicou algum antes): dois romances e dois volumes de contos, a saber:<\/p>\n<dl>\n<dt>O Dia em que Matei Meu Pai<\/dt>\n<dd>Romance, traduzido para italiano, espanhol (Argentina), franc\u00eas, holand\u00eas, ingl\u00eas (Austr\u00e1lia e Nova Zel\u00e2ndia), coreano e romeno. Republicado em Publicado em Portugal. Ou seja: deve ser um livro razo\u00e1vel, ou n\u00e3o teria atra\u00eddo tanta aten\u00e7\u00e3o. Se bem que ficou notoriamente fora de pa\u00edses importantes do mundo liter\u00e1rio, como Espanha, M\u00e9xico, R\u00fassia, Pol\u00f4nia e Alemanha, e certas tradu\u00e7\u00f5es foram publicadas na periferia (em ingl\u00eas, na Austr\u00e1lia e Nova Zel\u00e2ndia, em espanhol, na Argentina). De qualquer forma, eu estaria rindo de orelha a orelha se tivesse tido repercuss\u00e3o igual.<\/dd>\n<dt>O Antinarciso<\/dt>\n<dd>Colet\u00e2nea de contos, vencedor do Pr\u00eamio Clarice Lispector, da Biblioteca Nacional.<\/dd>\n<dt>A Boca da Verdade<\/dt>\n<dd>Colet\u00e2nea de contos. Ao contr\u00e1rio dos dois livros anteriores, nem foi traduzido no exterior e nem ganhou pr\u00eamio.<\/dd>\n<dt>O V\u00edcio do Amor<\/dt>\n<dd>Romance, publicado recentemente, e piv\u00f4 da crise com Paulo Coelho.<\/dd>\n<\/dl>\n<p>Na \u00e9poca em que era editor-chefe da Veja, os livros de Sabino foram bastante elogiados na imprensa brasileira. Ali\u00e1s, os elogios e a vendagem de tais obras foi alvo de <a href=\"http:\/\/sites.google.com\/site\/luisnassif02\/osmaisvendidos\">uma controv\u00e9rsia<\/a>, com suspeita de manipula\u00e7\u00e3o da lista dos Mais Vendidos, al\u00e9m de certas rela\u00e7\u00f5es inadequadas no mercado editorial.<\/p>\n<p>Nada disso importa, por\u00e9m, se considerarmos que, por medo ou indiferen\u00e7a, os livros de Sabino eram elogiados (ainda que esses elogios fossem ouvidos apenas pelo eco), foram vendidos e foram promovidos na grande imprensa. Paulo Coelho, por exemplo, jamais se manifestara sobre o caso. E tinha direito, visto que ser autor de obras insuport\u00e1veis n\u00e3o impede um cr\u00edtico de detectar a insuportabilidade alheia. Como meu dentista certa vez disse: \u00abmau h\u00e1lito voc\u00ea s\u00f3 sente o dos outros\u00bb. Falta de talento \u00e9 uma esp\u00e9cie de \u00abmau h\u00e1lito\u00bb, mas, em nome da higiene universal da arte, n\u00e3o devemos esperar que somente os de boca limpa tenham o direito de se incomodar com o h\u00e1lito alheio.<\/p>\n<p>Acontece que M\u00e1rio Sabino foi demitido (ou demitiu-se) da Veja no final do ano, em circunst\u00e2ncias ainda misteriosas. A ser verdade <a href=\"http:\/\/www.advivo.com.br\/blog\/luisnassif\/veja-erra-ate-na-noticia-da-saida-de-sabino\">o que se especula por a\u00ed,<\/a> sua sa\u00edda, se por demiss\u00e3o, foi em condi\u00e7\u00f5es t\u00e3o desfavor\u00e1veis que dificilmente ele ainda ter\u00e1 um futuro no ramo. Espero que tenha uma boa poupan\u00e7a. N\u00e3o demorou para que se manifestassem alguns que permaneceram em sil\u00eancio durante todo o tempo em que Sabino detinha o poder fulminat\u00f3rio da Veja em suas m\u00e3os. Ve\u00edculos de imprensa, como o <a href=\"http:\/\/www.valor.com.br\/cultura\/1170932\/pretensao-de-provocar-e-ser-desa\">Valor Econ\u00f4mico<\/a> (que \u00e9 um jornal de economia, n\u00e3o de literatura) e a Folha de S\u00e3o Paulo n\u00e3o perderam tempo em atacar-lhe justamente no que um autor (bom ou mau) tem de mais sens\u00edvel: a sua auto-estima de criador. Depois que o inimigo \u00e9 derrotado, aparecem muitos her\u00f3is para ir no campo de batalha cuspir nos cad\u00e1veres, dizia um antigo ditado polon\u00eas (ou i\u00eddiche, n\u00e3o consegui descobrir). Al\u00e9m de perder subitamente seu poder de editor-chefe da maior revista deste pa\u00eds, Sabino ainda foi chamado de v\u00e1rios adjetivos.<\/p>\n<p>Justamente Paulo Coelho, not\u00f3rio autor de livros notabil\u00edssimos por serem insuport\u00e1veis, tuitou que o \u00faltimo livro de Sabino seria insuport\u00e1vel. A julgar pelas resenhas, deve ser mesmo. Mas por que raz\u00e3o ser\u00e1 que Paulo Coelho deixou para falar mal de Sabino apenas depois de ele ter perdido seu emprego na Veja?<\/p>\n<p>Em tempo, se algu\u00e9m quiser tuitar que meu livro \u00e9 insuport\u00e1vel, favor deixar o link do blogue e da editora. E se tiver mais artigos interessantes, talvez eu ponha no blogroll.<\/p>\n<p>P. S. \u2014 n\u00e3o se trata aqui de ficar implorando por aten\u00e7\u00e3o. A quest\u00e3o \u00e9 que, para um autor, a divulga\u00e7\u00e3o de seu livro \u00e9 sempre interessante, mesmo que seja uma divulga\u00e7\u00e3o negativa. A literatura \u00e9 uma das \u00fanicas profiss\u00f5es na qual um renome, mesmo horr\u00edvel, ajuda a vender. Al\u00e9m do mais, ao contr\u00e1rio de certos autores, j\u00e1 desencanei de minha obra, e vejo os coment\u00e1rios, mesmo os mais cr\u00edticos, com distanciamento. Quem n\u00e3o consegue esse distanciamento (e parece que o M\u00e1rio Sabino ainda n\u00e3o consegue) acaba desestimulando a cr\u00edtica, ou fazendo com que se torne rancorosa.<\/p>\n","protected":false},"excerpt":{"rendered":"<p>Reconhecidamente autor de obras insuport\u00e1veis para quem efetivamente l\u00ea, em vez de comprar para enfeitar estante ou para ter \u00abli\u00e7\u00f5es de vida\u00bb, Paulo Coelho se tornou o piv\u00f4 de uma curiosa briga na internet nas \u00faltimas semanas. Eu, como sempre, marido tra\u00eddo em mat\u00e9ria de not\u00edcias culturais, fiquei sabendo s\u00f3 agora. Em uma postagem no Twitter, o Mago chamou de insuport\u00e1vel o novo livro de M\u00e1rio Sabino. Achei a atitude do mago bastante imoral, embora o livro criticado seja mesmo, provavelmente, dif\u00edcil de suportar. Para [&hellip;]<\/p>\n","protected":false},"author":1,"featured_media":0,"comment_status":"open","ping_status":"open","sticky":false,"template":"","format":"standard","meta":[],"categories":[183],"tags":[88,77,120,87,59,61,27,57,8],"_links":{"self":[{"href":"https:\/\/www.letraseletricas.blog.br\/lit\/wp-json\/wp\/v2\/posts\/178"}],"collection":[{"href":"https:\/\/www.letraseletricas.blog.br\/lit\/wp-json\/wp\/v2\/posts"}],"about":[{"href":"https:\/\/www.letraseletricas.blog.br\/lit\/wp-json\/wp\/v2\/types\/post"}],"author":[{"embeddable":true,"href":"https:\/\/www.letraseletricas.blog.br\/lit\/wp-json\/wp\/v2\/users\/1"}],"replies":[{"embeddable":true,"href":"https:\/\/www.letraseletricas.blog.br\/lit\/wp-json\/wp\/v2\/comments?post=178"}],"version-history":[{"count":6,"href":"https:\/\/www.letraseletricas.blog.br\/lit\/wp-json\/wp\/v2\/posts\/178\/revisions"}],"predecessor-version":[{"id":5296,"href":"https:\/\/www.letraseletricas.blog.br\/lit\/wp-json\/wp\/v2\/posts\/178\/revisions\/5296"}],"wp:attachment":[{"href":"https:\/\/www.letraseletricas.blog.br\/lit\/wp-json\/wp\/v2\/media?parent=178"}],"wp:term":[{"taxonomy":"category","embeddable":true,"href":"https:\/\/www.letraseletricas.blog.br\/lit\/wp-json\/wp\/v2\/categories?post=178"},{"taxonomy":"post_tag","embeddable":true,"href":"https:\/\/www.letraseletricas.blog.br\/lit\/wp-json\/wp\/v2\/tags?post=178"}],"curies":[{"name":"wp","href":"https:\/\/api.w.org\/{rel}","templated":true}]}}