{"id":18,"date":"2013-06-11T15:13:00","date_gmt":"2013-06-11T18:13:00","guid":{"rendered":"http:\/\/letraseletricas.blog.br\/lit\/?p=18"},"modified":"2017-11-02T14:08:19","modified_gmt":"2017-11-02T17:08:19","slug":"nova-serie-o-preco-da-passagem-introducao-e-indice","status":"publish","type":"post","link":"https:\/\/www.letraseletricas.blog.br\/lit\/2013\/06\/nova-serie-o-preco-da-passagem-introducao-e-indice\/","title":{"rendered":"Nova S\u00e9rie: O Pre\u00e7o da Passagem (Introdu\u00e7\u00e3o e \u00cdndice)"},"content":{"rendered":"<p>Em fins de 2008 compartilhei na comunidade liter\u00e1ria &#8220;Novos Escritores do Brasil&#8221; um texto curto intitulado &#8220;Ticket to Ride&#8221; (infelizmente perdido) no qual eu desenvolvia uma curta hist\u00f3ria sobre dois (ou quatro) subversivos perseguidos pela pol\u00edcia nos tempos do regime militar. Este texto, ap\u00f3s uma extensa revis\u00e3o, acabou saindo na colet\u00e2nea &#8220;Sinistro&#8221;, da Editora Multifoco, em uma vers\u00e3o condensada que nunca me satisfez plenamente (nada por culpa da editora, apenas percebi tardiamente que o conto precisava de um desenvolvimento mais completo, e que a vers\u00e3o condensada que eu mesmo fizera n\u00e3o conseguia ter a for\u00e7a necess\u00e1ria).<\/p>\n<p>A condensa\u00e7\u00e3o que fiz, a pedido do <a href=\"http:\/\/plus.google.com\/114338490934462755317\" target=\"_blank\">+Frodo Oliveira<\/a>, editor da colet\u00e2nea, aproveitava o desfecho que eu escrevera para uma vers\u00e3o anterior do conto, e tinha cerca de 30% de texto a menos. Na \u00e9poca eu achei que era uma boa op\u00e7\u00e3o, pois eu tinha medo que o texto ficasse ileg\u00edvel de t\u00e3o grande (hoje em dia j\u00e1 tem quem fale em &#8220;literatura no twitter.com&#8221;). Hoje mudei de ideia, e por isso aqui estou restaurando a vers\u00e3o original, imensa e mais complexa.<\/p>\n<p>Sobre esta complexidade, um dado chamar\u00e1 a aten\u00e7\u00e3o do leitor: existem dois desfechos dentro da hist\u00f3ria, um passado e um presente, e duas t\u00e9cnicas narrativas que se sucedem. Talvez este seja o meu conto mais ousado em termos de concep\u00e7\u00e3o estrutural. T\u00e3o ousado que deixou de ser conto e virou uma noveleta (termo que eu n\u00e3o conhecia em 2009, \u00e9poca em que o publiquei na dita colet\u00e2nea).<\/p>\n<ol>\n<li><a href=\"http:\/\/letraseletricas.blog.br\/lit\/2013\/06\/o-preco-da-passagem-1\/\">Parte 1<\/a><\/li>\n<li><a href=\"http:\/\/letraseletricas.blog.br\/lit\/2013\/06\/o-preco-da-passagem-2\/\">Parte 2<\/a><\/li>\n<li><a href=\"http:\/\/letraseletricas.blog.br\/lit\/2013\/06\/o-preco-da-passagem-3\/\">Parte 3<\/a><\/li>\n<\/ol>\n","protected":false},"excerpt":{"rendered":"<p>Em fins de 2008 compartilhei na comunidade liter\u00e1ria &#8220;Novos Escritores do Brasil&#8221; um texto curto intitulado &#8220;Ticket to Ride&#8221; (infelizmente perdido) no qual eu desenvolvia uma curta hist\u00f3ria sobre dois (ou quatro) subversivos perseguidos pela pol\u00edcia nos tempos do regime militar. Este texto, ap\u00f3s uma extensa revis\u00e3o, acabou saindo na colet\u00e2nea &#8220;Sinistro&#8221;, da Editora Multifoco, em uma vers\u00e3o condensada que nunca me satisfez plenamente (nada por culpa da editora, apenas percebi tardiamente que o conto precisava de um desenvolvimento mais completo, e que a vers\u00e3o condensada que eu mesmo fizera n\u00e3o conseguia ter a for\u00e7a necess\u00e1ria).A condensa\u00e7\u00e3o que fiz, a pedido do <a href=\"http:\/\/plus.google.com\/114338490934462755317\" target=\"_blank\">+Frodo Oliveira<\/a>, editor da colet\u00e2nea, aproveitava o desfecho que eu escrevera para uma vers\u00e3o anterior do conto, e tinha cerca de 30% de texto a menos. Na \u00e9poca eu achei que era uma boa op\u00e7\u00e3o, pois eu tinha medo que o texto ficasse ileg\u00edvel de t\u00e3o grande (hoje em dia j\u00e1 tem quem fale em &#8220;literatura no twitter.com&#8221;). Hoje mudei de ideia, e por isso aqui estou restaurando a vers\u00e3o original, imensa e mais complexa.Sobre esta complexidade, um dado chamar\u00e1 a aten\u00e7\u00e3o do leitor: existem dois desfechos dentro da hist\u00f3ria, um passado e um presente, e duas t\u00e9cnicas narrativas que se sucedem. Talvez este seja o meu conto mais ousado em termos de concep\u00e7\u00e3o estrutural. T\u00e3o ousado que deixou de ser conto e virou uma noveleta (termo que eu n\u00e3o conhecia em 2009, \u00e9poca em que o publiquei na dita colet\u00e2nea).<a href=\"http:\/\/letraseletricas.blog.br\/lit\/2013\/06\/o-preco-da-passagem-1\/\">Parte 1<\/a><a href=\"http:\/\/letraseletricas.blog.br\/lit\/2013\/06\/o-preco-da-passagem-2\/\">Parte 2<\/a><a href=\"http:\/\/letraseletricas.blog.br\/lit\/2013\/06\/o-preco-da-passagem-3\/\">Parte 3<\/a><\/p>\n","protected":false},"author":1,"featured_media":0,"comment_status":"open","ping_status":"open","sticky":false,"template":"","format":"standard","meta":[],"categories":[149],"tags":[22,14,19,137,21,10],"_links":{"self":[{"href":"https:\/\/www.letraseletricas.blog.br\/lit\/wp-json\/wp\/v2\/posts\/18"}],"collection":[{"href":"https:\/\/www.letraseletricas.blog.br\/lit\/wp-json\/wp\/v2\/posts"}],"about":[{"href":"https:\/\/www.letraseletricas.blog.br\/lit\/wp-json\/wp\/v2\/types\/post"}],"author":[{"embeddable":true,"href":"https:\/\/www.letraseletricas.blog.br\/lit\/wp-json\/wp\/v2\/users\/1"}],"replies":[{"embeddable":true,"href":"https:\/\/www.letraseletricas.blog.br\/lit\/wp-json\/wp\/v2\/comments?post=18"}],"version-history":[{"count":5,"href":"https:\/\/www.letraseletricas.blog.br\/lit\/wp-json\/wp\/v2\/posts\/18\/revisions"}],"predecessor-version":[{"id":4179,"href":"https:\/\/www.letraseletricas.blog.br\/lit\/wp-json\/wp\/v2\/posts\/18\/revisions\/4179"}],"wp:attachment":[{"href":"https:\/\/www.letraseletricas.blog.br\/lit\/wp-json\/wp\/v2\/media?parent=18"}],"wp:term":[{"taxonomy":"category","embeddable":true,"href":"https:\/\/www.letraseletricas.blog.br\/lit\/wp-json\/wp\/v2\/categories?post=18"},{"taxonomy":"post_tag","embeddable":true,"href":"https:\/\/www.letraseletricas.blog.br\/lit\/wp-json\/wp\/v2\/tags?post=18"}],"curies":[{"name":"wp","href":"https:\/\/api.w.org\/{rel}","templated":true}]}}