{"id":224,"date":"2011-09-14T18:00:00","date_gmt":"2011-09-14T21:00:00","guid":{"rendered":"http:\/\/letraseletricas.blog.br\/lit\/?p=224"},"modified":"2017-11-02T14:09:07","modified_gmt":"2017-11-02T17:09:07","slug":"sobre-lugares-que-deviam-mudar-de-nome-e-outros-que-nao","status":"publish","type":"post","link":"https:\/\/www.letraseletricas.blog.br\/lit\/2011\/09\/sobre-lugares-que-deviam-mudar-de-nome-e-outros-que-nao\/","title":{"rendered":"Sobre Lugares que Deviam Mudar de Nome e Outros que N\u00e3o"},"content":{"rendered":"<p>Carlos Drummond de Andrade publicou em 1934 um livro intitulado &#8220;Brejo das Almas&#8221;, assim chamado em homenagem a um munic\u00edpio do norte do estado de Minas Gerais. Os habitantes desse lugar, ingratos, em vez de aceitarem a homenagem do grande poeta, acabaram mudando o nome do lugar, em 1948, para &#8220;Francisco S\u00e1&#8221; em comemora\u00e7\u00e3o a algu\u00e9m que certamente merece ser comemorado, mas que n\u00e3o tem nem o charme e nem o enigma do nome original, literalmente, que o munic\u00edpio recebera ao ser emancipado em 1923.<\/p>\n<p>Uma coisa \u00e9 certa, qualquer pessoa dotada de senso po\u00e9tico preferiria mil vezes morar no Brejo das Almas do que em Francisco S\u00e1. Existem in\u00fameras cidades homenageando in\u00fameros franciscos, todos homens de car\u00e1ter e dignos de honras, mas quantas cidades h\u00e1 que conjugam um nome de tanto impacto e a lembran\u00e7a de um dos maiores poetas da l\u00edngua portuguesa?<\/p>\n<p>Drummond, talvez ofendido pelo rebatismo, nunca mais deu nome de lugar a nenhum livro seu. E a cidade, que seria eternamente lembrada toda vez que algu\u00e9m lesse uma biografia do poeta, est\u00e1 condenada ao olvido, esse tipo de esquecimento po\u00e9tico que \u00e9 muito mais grave do que o opr\u00f3bio, porque esse, pelo menos, pode trazer a reboque alguma notoriedade.<\/p>\n","protected":false},"excerpt":{"rendered":"<p>Carlos Drummond de Andrade publicou em 1934 um livro intitulado &#8220;Brejo das Almas&#8221;, assim chamado em homenagem a um munic\u00edpio do norte do estado de Minas Gerais. Os habitantes desse lugar, ingratos, em vez de aceitarem a homenagem do grande poeta, acabaram mudando o nome do lugar, em 1948, para &#8220;Francisco S\u00e1&#8221; em comemora\u00e7\u00e3o a algu\u00e9m que certamente merece ser comemorado, mas que n\u00e3o tem nem o charme e nem o enigma do nome original, literalmente, que o munic\u00edpio recebera ao ser emancipado em 1923. [&hellip;]<\/p>\n","protected":false},"author":1,"featured_media":0,"comment_status":"open","ping_status":"open","sticky":false,"template":"","format":"standard","meta":[],"categories":[46],"tags":[77,107,41],"_links":{"self":[{"href":"https:\/\/www.letraseletricas.blog.br\/lit\/wp-json\/wp\/v2\/posts\/224"}],"collection":[{"href":"https:\/\/www.letraseletricas.blog.br\/lit\/wp-json\/wp\/v2\/posts"}],"about":[{"href":"https:\/\/www.letraseletricas.blog.br\/lit\/wp-json\/wp\/v2\/types\/post"}],"author":[{"embeddable":true,"href":"https:\/\/www.letraseletricas.blog.br\/lit\/wp-json\/wp\/v2\/users\/1"}],"replies":[{"embeddable":true,"href":"https:\/\/www.letraseletricas.blog.br\/lit\/wp-json\/wp\/v2\/comments?post=224"}],"version-history":[{"count":1,"href":"https:\/\/www.letraseletricas.blog.br\/lit\/wp-json\/wp\/v2\/posts\/224\/revisions"}],"predecessor-version":[{"id":4881,"href":"https:\/\/www.letraseletricas.blog.br\/lit\/wp-json\/wp\/v2\/posts\/224\/revisions\/4881"}],"wp:attachment":[{"href":"https:\/\/www.letraseletricas.blog.br\/lit\/wp-json\/wp\/v2\/media?parent=224"}],"wp:term":[{"taxonomy":"category","embeddable":true,"href":"https:\/\/www.letraseletricas.blog.br\/lit\/wp-json\/wp\/v2\/categories?post=224"},{"taxonomy":"post_tag","embeddable":true,"href":"https:\/\/www.letraseletricas.blog.br\/lit\/wp-json\/wp\/v2\/tags?post=224"}],"curies":[{"name":"wp","href":"https:\/\/api.w.org\/{rel}","templated":true}]}}