{"id":325,"date":"2011-03-18T21:26:00","date_gmt":"2011-03-19T00:26:00","guid":{"rendered":"http:\/\/letraseletricas.blog.br\/lit\/?p=325"},"modified":"2017-11-02T14:09:16","modified_gmt":"2017-11-02T17:09:16","slug":"resultados-parciais-de-minhas-previsoes","status":"publish","type":"post","link":"https:\/\/www.letraseletricas.blog.br\/lit\/2011\/03\/resultados-parciais-de-minhas-previsoes\/","title":{"rendered":"Resultados Parciais de Minhas Previs\u00f5es"},"content":{"rendered":"<p>Estou me revelando um verdadeiro vidente. Preciso urgentemente de um programa de televis\u00e3o onde botar tar\u00f4 e ganhar dinheiro dos trou\u2026, digo, dos aficcionados por ocultismo fazendo minhas predi\u00e7\u00f5es. <strong><a href=\"http:\/\/letraseletricas.blog.br\/lit\/#gramatica\">Hoje \u00e9 dezoito de mar\u00e7o<\/a><\/strong> e eu j\u00e1 emplaquei v\u00e1rios not\u00e1veis acertos em <a href=\"http:\/\/letraseletricas.blog.br\/lit\/2011\/01\/minhas-previsoes-de-ano-novo\/\">minhas previs\u00f5es de Ano Novo<\/a>, embora tenha tido um lament\u00e1vel problema de canaliza\u00e7\u00e3o das energias astrais que fez com que eu interpretasse ao contr\u00e1rio duas previs\u00f5es.<\/p>\n<p>Vamos a uma an\u00e1lise parcial!<\/p>\n<h3>Acertos<\/h3>\n<dl>\n<dt>Silvio Berlusconi far\u00e1 declara\u00e7\u00f5es pol\u00eamicas, que irritar\u00e3o os l\u00edderes de outros pa\u00edses.<\/dt>\n<dd>Essa era &#8220;batata&#8221; desde o come\u00e7o. As recentes declara\u00e7\u00f5es do primeiro ministro italiano, segundo a qual teria transado com 33 prostitutas em um \u00fanico m\u00eas causaram celeuma na Europa. Dizem que a moda do cinto de castidade ser\u00e1 relan\u00e7ada na pr\u00f3xima Semana da Moda de Mil\u00e3o.<\/dd>\n<dt>Os baianos afirmar\u00e3o ter inventado um &#8220;novo ritmo&#8221; que, no entanto, ser\u00e1 igual ao pagode e s\u00f3 ter\u00e1 um passinho diferente na dan\u00e7a.<\/dt>\n<dd>\u00c9 o rebolation, tion, tion!<\/dd>\n<dt>Haver\u00e1 golpes de estado na \u00c1frica.<\/dt>\n<dd>Ta\u00ed para quem duvidava de minha mediunidade. N\u00e3o houve um s\u00f3, houve TR\u00caS! Tun\u00edsia, Egito e Costa do Marfim. E o da L\u00edbia segue a caminho. Com alguma sorte haver\u00e1 um tamb\u00e9m em outro lugar.<\/dd>\n<dt>O resultado do Carnaval carioca ser\u00e1 muito pol\u00eamico.<\/dt>\n<dd>Um inc\u00eandio no barrac\u00e3o da ex-campe\u00e3, que se suspeita tenha sido criminoso, e uma campe\u00e3 vaiada no desfile das campe\u00e3s. Bota pol\u00eamica nisso e podem me convidar para aparecer na televis\u00e3o que eu prevejo mais que a M\u00e3e Din\u00e1!<\/dd>\n<dt>&#8220;Lula, O Filho do Brasil&#8221; n\u00e3o vencer\u00e1 o Oscar de Melhor Filme Estrangeiro.<\/dt>\n<dd>Considerando a atual onda de chamego entre Brasil e EUA (a Secret\u00e1ria de Estado americana chegou a dizer numa entrevista coletiva que o nosso Chanceler \u00e9 &#8220;um homem lindo&#8221;) eu fiquei at\u00e9 com medo de que fosse falhar, mas os astros n\u00e3o me abandonaram. Eles tinham raz\u00e3o.<\/dd>\n<\/dl>\n<h3>Imprecis\u00f5es<\/h3>\n<dl>\n<dt>O Flamengo anunciar\u00e1 planos de contratar pelo menos uma grande estrela do futebol internacional, mas n\u00e3o vai contratar ningu\u00e9m.<\/dt>\n<dd>Os astros s\u00f3 me mostraram a hist\u00f3ria at\u00e9 o momento em que o Gr\u00eamio preparava a festa para Ronaldinho. Depois desse momento a bola de cristal saiu do ar e eu precipitadamente achei que n\u00e3o precisava voltar a sintonizar de novo. Inexperi\u00eancia de vidente de primeira viagem.<\/dd>\n<dt>O papa dar\u00e1 uma declara\u00e7\u00e3o sobre planejamento familiar.<\/dt>\n<dd>Que o papa daria uma declara\u00e7\u00e3o envolvendo as fam\u00edlias e que isso seria pol\u00eamico os astros me contaram, s\u00f3 que eu interpretei errado: n\u00e3o era sobre <em>planejamento familiar<\/em>, mas sobre doa\u00e7\u00f5es de \u00f3rg\u00e3os. O chanceler do Vaticano <a href=\"http:\/\/gawker.com\/#!5752665\/vatican-says-organ-donor-pope-cant-donate-his-organs\">declarou<\/a> que o papa <a href=\"http:\/\/letraseletricas.blog.br\/lit\/#benedito\">Benedito<\/a> XVI n\u00e3o poder\u00e1 doar os seus \u00f3rg\u00e3os se morrer (n\u00e3o que algu\u00e9m esteja interessado em seu decr\u00e9pito cora\u00e7\u00e3o) porque (ehem!) &#8220;caso ele seja declarado santo postumamente os tecidos doados se tornar\u00e3o rel\u00edquias vivas nos corpos dos receptores&#8221;.<\/dd>\n<\/dl>\n<h3>Pequenas Observa\u00e7\u00f5es Desinteressantes<\/h3>\n<p>Caso n\u00e3o tenha notado os links no post, seguem as explica\u00e7\u00f5es.<\/p>\n<p><big><a name=\"gramatica\">1<\/a><\/big>. Muito embora a gram\u00e1tica oficial insista que &#8220;hoje s\u00e3o&#8221; dezoito de mar\u00e7o, eu insisto que &#8220;hoje \u00e9&#8221; pelo simples fato de que eu considero impl\u00edcito no contexto que hoje \u00e9 [o dia] dezoito de mar\u00e7o.<\/p>\n<p><big><a name=\"benedito\">2<\/a><\/big>. Como se sabe, o nome latino do papa \u00e9 &#8220;Benedictus&#8221;, em italiano &#8220;Benedetto&#8221; e em ingl\u00eas \u00e9 &#8220;Benedict&#8221;. Ainda que em portugu\u00eas o nome &#8220;Benedictus&#8221; tenha resultado em dois nomes diversos (&#8220;Benedito&#8221;, pela via erudita, e &#8220;Bento&#8221;, pela via popular) \u00e9 meio estranha a escolha deste nome, porque demais papas que o escolheram eram chamados de Beneditos, e n\u00e3o de Bentos. Suspeito que houve uma certa dose de preconceito, envolvendo S\u00e3o Benedito. Mesmo porque, se a prefer\u00eancia fosse pelo nome popular, o papa S\u00e3o Sisto deveria ser chamado de S\u00e3o Xisto.<\/p>\n","protected":false},"excerpt":{"rendered":"<p>Estou me revelando um verdadeiro vidente. Preciso urgentemente de um programa de televis\u00e3o onde botar tar\u00f4 e ganhar dinheiro dos trou\u2026, digo, dos aficcionados por ocultismo fazendo minhas predi\u00e7\u00f5es. Hoje \u00e9 dezoito de mar\u00e7o e eu j\u00e1 emplaquei v\u00e1rios not\u00e1veis acertos em minhas previs\u00f5es de Ano Novo, embora tenha tido um lament\u00e1vel problema de canaliza\u00e7\u00e3o das energias astrais que fez com que eu interpretasse ao contr\u00e1rio duas previs\u00f5es. Vamos a uma an\u00e1lise parcial! Acertos Silvio Berlusconi far\u00e1 declara\u00e7\u00f5es pol\u00eamicas, que irritar\u00e3o os l\u00edderes de outros [&hellip;]<\/p>\n","protected":false},"author":1,"featured_media":0,"comment_status":"open","ping_status":"open","sticky":false,"template":"","format":"standard","meta":[],"categories":[46],"tags":[118,91,84],"_links":{"self":[{"href":"https:\/\/www.letraseletricas.blog.br\/lit\/wp-json\/wp\/v2\/posts\/325"}],"collection":[{"href":"https:\/\/www.letraseletricas.blog.br\/lit\/wp-json\/wp\/v2\/posts"}],"about":[{"href":"https:\/\/www.letraseletricas.blog.br\/lit\/wp-json\/wp\/v2\/types\/post"}],"author":[{"embeddable":true,"href":"https:\/\/www.letraseletricas.blog.br\/lit\/wp-json\/wp\/v2\/users\/1"}],"replies":[{"embeddable":true,"href":"https:\/\/www.letraseletricas.blog.br\/lit\/wp-json\/wp\/v2\/comments?post=325"}],"version-history":[{"count":2,"href":"https:\/\/www.letraseletricas.blog.br\/lit\/wp-json\/wp\/v2\/posts\/325\/revisions"}],"predecessor-version":[{"id":1165,"href":"https:\/\/www.letraseletricas.blog.br\/lit\/wp-json\/wp\/v2\/posts\/325\/revisions\/1165"}],"wp:attachment":[{"href":"https:\/\/www.letraseletricas.blog.br\/lit\/wp-json\/wp\/v2\/media?parent=325"}],"wp:term":[{"taxonomy":"category","embeddable":true,"href":"https:\/\/www.letraseletricas.blog.br\/lit\/wp-json\/wp\/v2\/categories?post=325"},{"taxonomy":"post_tag","embeddable":true,"href":"https:\/\/www.letraseletricas.blog.br\/lit\/wp-json\/wp\/v2\/tags?post=325"}],"curies":[{"name":"wp","href":"https:\/\/api.w.org\/{rel}","templated":true}]}}