{"id":3338,"date":"2017-02-12T22:22:46","date_gmt":"2017-02-13T01:22:46","guid":{"rendered":"http:\/\/www.letraseletricas.blog.br\/lit\/?p=3338"},"modified":"2017-11-02T14:07:57","modified_gmt":"2017-11-02T17:07:57","slug":"nao-se-ofenda","status":"publish","type":"post","link":"https:\/\/www.letraseletricas.blog.br\/lit\/2017\/02\/nao-se-ofenda\/","title":{"rendered":"N\u00e3o Se Ofenda"},"content":{"rendered":"<p>Ningu\u00e9m tem o direito de nunca ser ofendido.<\/p>\n<p>Mas, pera\u00ed, estarei eu defendendo o abuso verbal?<\/p>\n<p>N\u00e3o, n\u00e3o \u00e9 isso. Ofender-se \u00e9 algo subjetivo e pessoal. Pessoas diferentes se ofendem com coisas diferentes. Eu, por exemplo, me incomodo com a simples exist\u00eancia do funk no mesmo universo que eu. Fico puto de ouvir aquelas letras obscenas e aquela m\u00fasica troncha. Mas a maioria das pessoas ouve na frente dos filhos a can\u00e7\u00e3o que fala de meter o piupiu na pepeca at\u00e9 relar e n\u00e3o se incomoda. Para a maioria dessas pessoas, babaca sou eu por achar isso exagero e mau gosto.<\/p>\n<p>Para podermos conviver em sociedade n\u00f3s temos que fazer nossa pequena parte para tentar mudar o mundo sem criarmos conflitos gratuitos. Temos o direito de expressar nossa inconformidade, podemos dizer que estamos incomodados, mas n\u00e3o temos o direito de achar que ningu\u00e9m pode nos ofender. Muito menos podemos achar que a nossa opini\u00e3o \u00e9 a r\u00e9gua para medir o mundo.<\/p>\n<p>Claro que eu vou insistentemente dizer que estou certo, isso faz parte do debate. Insista tamb\u00e9m a sua opini\u00e3o, traga seu argumento. Mas vamos manter a civilidade. No alto de cada p\u00falpito n\u00f3s dois vamos discutir como dois inimigos, depois a gente desce e vai no boteco pedir cerveja para molharmos a goela juntos e ouvir a opini\u00e3o da galera que acompanhou a diatribe.<\/p>\n<p>O mundo da literatura sempre foi assim. Chesterton e Bernard Shaw eram amigos de copo e virulentos advers\u00e1rios pol\u00edticos, mas se respeitavam intelectualmente o bastante para n\u00e3o darem pitis. Advers\u00e1rios, mas cavalheiros.<\/p>\n<p>Esse \u00e9 o mundo com que eu sonho.<\/p>\n<p>Se n\u00e3o fosse o funk, outra coisa me incomodaria. O mundo tem e sempre ter\u00e1 muitas coisas com as quais n\u00e3o nos conformaremos. \u00c9 preciso ter maturidade para aceitar isso e conviver, pois n\u00e3o \u00e9 vi\u00e1vel o meu antigo plano de construir uma grande torre para ficar a salvo do ru\u00eddo do mundo. Al\u00e9m da log\u00edstica infernal, o custo seria proibitivo.<\/p>\n<p>Toda vez que abrimos a boca algu\u00e9m discorda e mais algu\u00e9m concorda e a grande maioria ignora. E sempre haver\u00e1 ao nosso redor algu\u00e9m dizendo coisas que aceitamos e que rejeitamos. Temos que filtrar isso, sem simplesmente desconsiderar preconceituosamente o que n\u00e3o entendemos nem gostamos.<\/p>\n<p>Mantendo o cavalheirismo, e se poss\u00edvel a cerveja.<\/p>\n","protected":false},"excerpt":{"rendered":"<p>Ningu\u00e9m tem o direito de nunca ser ofendido. Mas, pera\u00ed, estarei eu defendendo o abuso verbal? N\u00e3o, n\u00e3o \u00e9 isso. Ofender-se \u00e9 algo subjetivo e pessoal. Pessoas diferentes se ofendem com coisas diferentes. Eu, por exemplo, me incomodo com a simples exist\u00eancia do funk no mesmo universo que eu. Fico puto de ouvir aquelas letras obscenas e aquela m\u00fasica troncha. Mas a maioria das pessoas ouve na frente dos filhos a can\u00e7\u00e3o que fala de meter o piupiu na pepeca at\u00e9 relar e n\u00e3o se [&hellip;]<\/p>\n","protected":false},"author":1,"featured_media":0,"comment_status":"open","ping_status":"closed","sticky":false,"template":"","format":"standard","meta":[],"categories":[183],"tags":[36,82],"_links":{"self":[{"href":"https:\/\/www.letraseletricas.blog.br\/lit\/wp-json\/wp\/v2\/posts\/3338"}],"collection":[{"href":"https:\/\/www.letraseletricas.blog.br\/lit\/wp-json\/wp\/v2\/posts"}],"about":[{"href":"https:\/\/www.letraseletricas.blog.br\/lit\/wp-json\/wp\/v2\/types\/post"}],"author":[{"embeddable":true,"href":"https:\/\/www.letraseletricas.blog.br\/lit\/wp-json\/wp\/v2\/users\/1"}],"replies":[{"embeddable":true,"href":"https:\/\/www.letraseletricas.blog.br\/lit\/wp-json\/wp\/v2\/comments?post=3338"}],"version-history":[{"count":3,"href":"https:\/\/www.letraseletricas.blog.br\/lit\/wp-json\/wp\/v2\/posts\/3338\/revisions"}],"predecessor-version":[{"id":5204,"href":"https:\/\/www.letraseletricas.blog.br\/lit\/wp-json\/wp\/v2\/posts\/3338\/revisions\/5204"}],"wp:attachment":[{"href":"https:\/\/www.letraseletricas.blog.br\/lit\/wp-json\/wp\/v2\/media?parent=3338"}],"wp:term":[{"taxonomy":"category","embeddable":true,"href":"https:\/\/www.letraseletricas.blog.br\/lit\/wp-json\/wp\/v2\/categories?post=3338"},{"taxonomy":"post_tag","embeddable":true,"href":"https:\/\/www.letraseletricas.blog.br\/lit\/wp-json\/wp\/v2\/tags?post=3338"}],"curies":[{"name":"wp","href":"https:\/\/api.w.org\/{rel}","templated":true}]}}