{"id":334,"date":"2011-02-20T20:22:00","date_gmt":"2011-02-20T23:22:00","guid":{"rendered":"http:\/\/letraseletricas.blog.br\/lit\/?p=334"},"modified":"2017-11-02T14:09:17","modified_gmt":"2017-11-02T17:09:17","slug":"meu-primeiro-dia-sem-orkut","status":"publish","type":"post","link":"https:\/\/www.letraseletricas.blog.br\/lit\/2011\/02\/meu-primeiro-dia-sem-orkut\/","title":{"rendered":"Meu Primeiro Dia Sem Orkut"},"content":{"rendered":"<p>Hoje acordei mais cedo, \u00e0s 8h00, gra\u00e7as ao fim do hor\u00e1rio de ver\u00e3o. Tive tempo de dar uma caminhada pelo centro da cidade e comprar o jornal de domingo (como sempre, edi\u00e7\u00e3o fechada \u00e0s 12h00 de s\u00e1bado, mas pelo menos tem os cadernos especiais com reportagens mais aprofundadas). Depois disso, toquei de carro pro s\u00edtio da fam\u00edlia, em Itamarati de Minas.<\/p>\n<p>Passei o dia conversando com meu pai sobre muitas coisas. Descobri, espantado, o quanto desaprendi a arte da conversa, o quanto estou apressado e afastado de contatos. Nem tive vontade de caminhar pelo s\u00edtio (embora, nesse caso, o sol forte e os 35\u00b0 fossem um bom motivo). \u00c0 noitinha retornei para casa.<\/p>\n<p>Desde ontem \u00e0s 17h00 eu n\u00e3o entro no Orkut. Deletei todas as comunidades que possu\u00eda, sa\u00ed de todas de que participava, deletei dois fakes meus. Agora estou quase em paz. Vida que segue.<\/p>\n<p>Nos pr\u00f3ximos dias, aproveitando as f\u00e9rias, vou tentar finalmente terminar meu romance sobre a Mula Sem Cabe\u00e7a, para tentar participar de um concurso liter\u00e1rio que t\u00e1 vindo por a\u00ed.<\/p>\n<p>Sem Orkut, d\u00e1 mais vontade ainda de postar no Blog. Hoje estou, talvez pela primeira vez, fazendo uma postagem estilo \u00abquerido di\u00e1rio\u00bb. Mas a sensa\u00e7\u00e3o de liberdade \u00e9 muito grande.<\/p>\n<p>Nenhuma outra rede social \u00e9 t\u00e3o viciante e t\u00e3o est\u00e9ril quanto o Orkut. Houve um tempo em que perdi muito tempo ali, mas agora, talvez beneficiado pelo refluxo do site, consegui de volta minha liberdade. Ali voc\u00ea encontra um n\u00famero imenso de comunidades sem dono, de perfis abandonados. \u00c9 uma verdadeira casa assombrada da Internet, uma casca vazia em compara\u00e7\u00e3o com o que j\u00e1 foi. Ficou f\u00e1cil abandonar, mas a cada dia me conven\u00e7o de que teria sido melhor se eu tivesse conseguido largar antes.<\/p>\n","protected":false},"excerpt":{"rendered":"<p>Hoje acordei mais cedo, \u00e0s 8h00, gra\u00e7as ao fim do hor\u00e1rio de ver\u00e3o. Tive tempo de dar uma caminhada pelo centro da cidade e comprar o jornal de domingo (como sempre, edi\u00e7\u00e3o fechada \u00e0s 12h00 de s\u00e1bado, mas pelo menos tem os cadernos especiais com reportagens mais aprofundadas). Depois disso, toquei de carro pro s\u00edtio da fam\u00edlia, em Itamarati de Minas. Passei o dia conversando com meu pai sobre muitas coisas. Descobri, espantado, o quanto desaprendi a arte da conversa, o quanto estou apressado e [&hellip;]<\/p>\n","protected":false},"author":1,"featured_media":0,"comment_status":"open","ping_status":"open","sticky":false,"template":"","format":"standard","meta":[],"categories":[46],"tags":[118,54,28,7],"_links":{"self":[{"href":"https:\/\/www.letraseletricas.blog.br\/lit\/wp-json\/wp\/v2\/posts\/334"}],"collection":[{"href":"https:\/\/www.letraseletricas.blog.br\/lit\/wp-json\/wp\/v2\/posts"}],"about":[{"href":"https:\/\/www.letraseletricas.blog.br\/lit\/wp-json\/wp\/v2\/types\/post"}],"author":[{"embeddable":true,"href":"https:\/\/www.letraseletricas.blog.br\/lit\/wp-json\/wp\/v2\/users\/1"}],"replies":[{"embeddable":true,"href":"https:\/\/www.letraseletricas.blog.br\/lit\/wp-json\/wp\/v2\/comments?post=334"}],"version-history":[{"count":2,"href":"https:\/\/www.letraseletricas.blog.br\/lit\/wp-json\/wp\/v2\/posts\/334\/revisions"}],"predecessor-version":[{"id":4611,"href":"https:\/\/www.letraseletricas.blog.br\/lit\/wp-json\/wp\/v2\/posts\/334\/revisions\/4611"}],"wp:attachment":[{"href":"https:\/\/www.letraseletricas.blog.br\/lit\/wp-json\/wp\/v2\/media?parent=334"}],"wp:term":[{"taxonomy":"category","embeddable":true,"href":"https:\/\/www.letraseletricas.blog.br\/lit\/wp-json\/wp\/v2\/categories?post=334"},{"taxonomy":"post_tag","embeddable":true,"href":"https:\/\/www.letraseletricas.blog.br\/lit\/wp-json\/wp\/v2\/tags?post=334"}],"curies":[{"name":"wp","href":"https:\/\/api.w.org\/{rel}","templated":true}]}}