{"id":357,"date":"2011-01-09T15:57:00","date_gmt":"2011-01-09T18:57:00","guid":{"rendered":"http:\/\/letraseletricas.blog.br\/lit\/?p=357"},"modified":"2017-11-02T14:09:19","modified_gmt":"2017-11-02T17:09:19","slug":"voce-pensa-demais","status":"publish","type":"post","link":"https:\/\/www.letraseletricas.blog.br\/lit\/2011\/01\/voce-pensa-demais\/","title":{"rendered":"Voc\u00ea Pensa Demais?"},"content":{"rendered":"<p>Tudo come\u00e7ou inocentemente. Comecei a pensar quando frequentava certas festas, de vez em quando, como uma maneira de me enturmar. Inevitavelmente, por\u00e9m, um pensamento levava a outro e n\u00e3o demorou que eu me tornasse mais do que um pensador social.<\/p>\n<p>Comecei a pensar sozinho &#8212; &#8220;para relaxar&#8221;, conforme acreditava, mas eu sabia que isso n\u00e3o era verdade. Pensar se tornava cada vez mais importante para mim, at\u00e9 que eu comecei a pensar o tempo todo.<\/p>\n<p>Eu comecei a pensar enquanto trabalhava. Eu sabia que pensar e trabalhar n\u00e3o s\u00e3o compat\u00edveis, mas n\u00e3o conseguia parar.<\/p>\n<p>Comecei a evitar os meus amigos que n\u00e3o pensavam, para que pudesse ler Kafka ou Thoureau no intervalo do almo\u00e7o. Eu voltava para o servi\u00e7o tonto e confuso, perguntando-me o que exatamente significava o meu trabalho e o que estava fazendo no mundo.<\/p>\n<p>As coisas tampouco estavam bem em casa. Certa noite eu desliguei a televis\u00e3o e perguntei \u00e0 minha esposa o sentido da vida. Ela teve que passar aquela noite na casa da m\u00e3e, de t\u00e3o amedrontada que ficou.<\/p>\n<p>Logo adquiri a reputa\u00e7\u00e3o de um pensador compulsivo. Um dia meu patr\u00e3o me chamou ao escrit\u00f3rio e disse-me: &#8220;Cara, eu gosto de voc\u00ea e me d\u00f3i dizer isso, mas seus pensamentos se tornaram um problema real. Se voc\u00ea n\u00e3o parar de pensar aqui no emprego, voc\u00ea ter\u00e1 que encontrar outro emprego.&#8221; Isto me deu muito em que pensar. Eu voltei para casa cedo depois de minha conversa com o patr\u00e3o.<\/p>\n<p>&#8212; Querida &#8212; disse ao chegar em casa &#8212; andei pensando que\u2026<\/p>\n<p>&#8212; Eu sei que voc\u00ea anda pensando &#8212; ela disse. Pensando demais para que algu\u00e9m possa suportar viver com voc\u00ea. Quero div\u00f3rcio!<\/p>\n<p>&#8212; Mas, querida, n\u00e3o pode ser t\u00e3o grave assim!<\/p>\n<p>&#8212; \u00c9 muito grave &#8212; ela disse, tremendo o l\u00e1bio inferior. Voc\u00ea pensa tanto quanto professores, e professores n\u00e3o ganham quase nada. Ent\u00e3o, se voc\u00ea continuar pensando, acabaremos sem dinheiro.<\/p>\n<p>&#8212; Este \u00e9 um silogismo falacioso &#8212; eu lhe disse, impaciente, e ela come\u00e7ou a chorar. Foi demais para mim. Meti o p\u00e9 na porta e sa\u00ed dizendo que ia para a biblioteca.<\/p>\n<p>Fui at\u00e9 a biblioteca sentindo uma vontade enorme de ler Nietzsche, ouvindo a Cultura FM no r\u00e1dio. Eu acelerei at\u00e9 o estacionamento e corri at\u00e9 as portas de vidro\u2026 mas elas n\u00e3o se abriram. A biblioteca estava fechada.<\/p>\n<p>At\u00e9 hoje eu acredito que um Poder Superior estava cuidando de mim naquela noite. Ao cair de joelhos no ch\u00e3o diante do vidro insens\u00edvel, implorando por Zaratustra, um cartaz me chamou a aten\u00e7\u00e3o: &#8220;Amigo, pensar demais est\u00e1 arruinando a sua vida?&#8221; &#8212; ele perguntava. Voc\u00ea provavelmente conhece esta frase: ela \u00e9 encontrada nos cartazes padronizados dos Pensadores An\u00f4nimos.<\/p>\n<p>E ela \u00e9 a raz\u00e3o pela qual estou aqui hoje: eu sou um pensador em recupera\u00e7\u00e3o. Nunca perco um encontro dos P.A. e sempre compare\u00e7o para assistir programas deseducacionais. Na semana passada foi &#8220;Big Brother&#8221;. Depois n\u00f3s compartilhamos experi\u00eancias sobre como evitamos pensar desde o encontro anterior.<\/p>\n<p>Eu ainda tenho o meu emprego, as coisas melhoraram muito em casa. A vida parece\u2026 mais f\u00e1cil. De alguma forma o mundo me parece menos complicado desde que eu parei de pensar.<\/p>\n<div>Autor An\u00f4nimo. Traduzido do site &#8220;<span class=\"removed_link\" title=\"http:\/\/www.orange-papers.org\/orange-thinker\">Agent Orange<\/span>&#8220;<\/div>\n","protected":false},"excerpt":{"rendered":"<p>Tudo come\u00e7ou inocentemente. Comecei a pensar quando frequentava certas festas, de vez em quando, como uma maneira de me enturmar. Inevitavelmente, por\u00e9m, um pensamento levava a outro e n\u00e3o demorou que eu me tornasse mais do que um pensador social. Comecei a pensar sozinho &#8212; &#8220;para relaxar&#8221;, conforme acreditava, mas eu sabia que isso n\u00e3o era verdade. Pensar se tornava cada vez mais importante para mim, at\u00e9 que eu comecei a pensar o tempo todo. Eu comecei a pensar enquanto trabalhava. Eu sabia que pensar [&hellip;]<\/p>\n","protected":false},"author":2,"featured_media":0,"comment_status":"open","ping_status":"open","sticky":false,"template":"","format":"standard","meta":[],"categories":[149,110],"tags":[115,84,31],"_links":{"self":[{"href":"https:\/\/www.letraseletricas.blog.br\/lit\/wp-json\/wp\/v2\/posts\/357"}],"collection":[{"href":"https:\/\/www.letraseletricas.blog.br\/lit\/wp-json\/wp\/v2\/posts"}],"about":[{"href":"https:\/\/www.letraseletricas.blog.br\/lit\/wp-json\/wp\/v2\/types\/post"}],"author":[{"embeddable":true,"href":"https:\/\/www.letraseletricas.blog.br\/lit\/wp-json\/wp\/v2\/users\/2"}],"replies":[{"embeddable":true,"href":"https:\/\/www.letraseletricas.blog.br\/lit\/wp-json\/wp\/v2\/comments?post=357"}],"version-history":[{"count":5,"href":"https:\/\/www.letraseletricas.blog.br\/lit\/wp-json\/wp\/v2\/posts\/357\/revisions"}],"predecessor-version":[{"id":4592,"href":"https:\/\/www.letraseletricas.blog.br\/lit\/wp-json\/wp\/v2\/posts\/357\/revisions\/4592"}],"wp:attachment":[{"href":"https:\/\/www.letraseletricas.blog.br\/lit\/wp-json\/wp\/v2\/media?parent=357"}],"wp:term":[{"taxonomy":"category","embeddable":true,"href":"https:\/\/www.letraseletricas.blog.br\/lit\/wp-json\/wp\/v2\/categories?post=357"},{"taxonomy":"post_tag","embeddable":true,"href":"https:\/\/www.letraseletricas.blog.br\/lit\/wp-json\/wp\/v2\/tags?post=357"}],"curies":[{"name":"wp","href":"https:\/\/api.w.org\/{rel}","templated":true}]}}