{"id":381,"date":"2010-11-15T13:26:00","date_gmt":"2010-11-15T16:26:00","guid":{"rendered":"http:\/\/letraseletricas.blog.br\/lit\/?p=381"},"modified":"2017-08-12T23:16:12","modified_gmt":"2017-08-13T02:16:12","slug":"cartao-de-natal-comunista-nova-versao","status":"publish","type":"post","link":"https:\/\/www.letraseletricas.blog.br\/lit\/2010\/11\/cartao-de-natal-comunista-nova-versao\/","title":{"rendered":"Cart\u00e3o de Natal Comunista &#8211; Nova Vers\u00e3o"},"content":{"rendered":"<p>Depois do sucesso do [Cart\u00e3o de Natal Comunista](\/lit\/2009\/12\/cartao-de-natal-comunista) no ano passado, resolvi dar uma &#8220;guaribada&#8221; no desenho (que tinha ficado bem chinfrim por causa da fonte Computer Modern Roman e da falta de suaviza\u00e7\u00e3o). A imagem \u00e9 a mesma, os dizeres foram abreviados e a fonte trocada para Univers Condensed.<\/p>\n<p><img class=\"alignleft\" src=\"http:\/\/2.bp.blogspot.com\/__v_THd9-gSU\/TOFf03eD9zI\/AAAAAAAAAGk\/0p1udka_1GI\/s320\/communist-party1.png\" alt=\"cart\u00e3o de natal comunista\" border=\"0\" \/><\/p>\n<p>Se quiser reaproveitar a imagem em seu blogue, fique \u00e0 vontade.<\/p>\n<p>P.S. &#8211; O cart\u00e3o de natal comunista \u00e9 uma homenagem aos colegas do curso de Hist\u00f3ria da FAFIC, especialmente \u00e0 turma de &#8220;melancias&#8221;.<\/p>\n<p>P.P.S. &#8211; O cart\u00e3o \u00e9 meu jeito de dizer at\u00e9 logo. Este blog estar\u00e1 de f\u00e9rias at\u00e9 o ano novo. Mas n\u00e3o fiquem tristes, tem muita coisa boa para ler no arquivo.<\/p>\n<p>P.P.P.S. &#8211; Eu n\u00e3o sou comunista. Isto \u00e9 apenas uma piada.<\/p>\n","protected":false},"excerpt":{"rendered":"<p>Depois do sucesso do [Cart\u00e3o de Natal Comunista](\/lit\/2009\/12\/cartao-de-natal-comunista) no ano passado, resolvi dar uma &#8220;guaribada&#8221; no desenho (que tinha ficado bem chinfrim por causa da fonte Computer Modern Roman e da falta de suaviza\u00e7\u00e3o). A imagem \u00e9 a mesma, os dizeres foram abreviados e a fonte trocada para Univers Condensed. Se quiser reaproveitar a imagem em seu blogue, fique \u00e0 vontade. P.S. &#8211; O cart\u00e3o de natal comunista \u00e9 uma homenagem aos colegas do curso de Hist\u00f3ria da FAFIC, especialmente \u00e0 turma de &#8220;melancias&#8221;. P.P.S. [&hellip;]<\/p>\n","protected":false},"author":1,"featured_media":0,"comment_status":"open","ping_status":"open","sticky":false,"template":"","format":"standard","meta":[],"categories":[46],"tags":[58,39],"_links":{"self":[{"href":"https:\/\/www.letraseletricas.blog.br\/lit\/wp-json\/wp\/v2\/posts\/381"}],"collection":[{"href":"https:\/\/www.letraseletricas.blog.br\/lit\/wp-json\/wp\/v2\/posts"}],"about":[{"href":"https:\/\/www.letraseletricas.blog.br\/lit\/wp-json\/wp\/v2\/types\/post"}],"author":[{"embeddable":true,"href":"https:\/\/www.letraseletricas.blog.br\/lit\/wp-json\/wp\/v2\/users\/1"}],"replies":[{"embeddable":true,"href":"https:\/\/www.letraseletricas.blog.br\/lit\/wp-json\/wp\/v2\/comments?post=381"}],"version-history":[{"count":8,"href":"https:\/\/www.letraseletricas.blog.br\/lit\/wp-json\/wp\/v2\/posts\/381\/revisions"}],"predecessor-version":[{"id":4574,"href":"https:\/\/www.letraseletricas.blog.br\/lit\/wp-json\/wp\/v2\/posts\/381\/revisions\/4574"}],"wp:attachment":[{"href":"https:\/\/www.letraseletricas.blog.br\/lit\/wp-json\/wp\/v2\/media?parent=381"}],"wp:term":[{"taxonomy":"category","embeddable":true,"href":"https:\/\/www.letraseletricas.blog.br\/lit\/wp-json\/wp\/v2\/categories?post=381"},{"taxonomy":"post_tag","embeddable":true,"href":"https:\/\/www.letraseletricas.blog.br\/lit\/wp-json\/wp\/v2\/tags?post=381"}],"curies":[{"name":"wp","href":"https:\/\/api.w.org\/{rel}","templated":true}]}}