{"id":574,"date":"2007-05-12T07:16:00","date_gmt":"2007-05-12T10:16:00","guid":{"rendered":"http:\/\/letraseletricas.blog.br\/lit\/?p=574"},"modified":"2017-11-02T14:10:11","modified_gmt":"2017-11-02T17:10:11","slug":"quero-minha-torre-de-marfim","status":"publish","type":"post","link":"https:\/\/www.letraseletricas.blog.br\/lit\/2007\/05\/quero-minha-torre-de-marfim\/","title":{"rendered":"Quero Minha Torre de Marfim"},"content":{"rendered":"<p>Hoje sa\u00ed para passear com minha filha e descobri que, apesar do prazer da paternidade, o que eu quero mesmo \u00e9 minha &#8220;Torre de Marfim&#8221;. Um lugar bem alto, distante e isolado, em que eu pudesse estar a salvo dos ru\u00eddos do mundo e ouvir apenas m\u00fasica boa. Um lugar aonde n\u00e3o chegasse mala-direta, Padre Marcelo Rossi, Mr. Catra, mission\u00e1rios, o cheiro do Ribeir\u00e3o Feij\u00e3o-Cru, not\u00edcias de balas perdidas\u2026<\/p>\n<p>Como todo poeta eu amo \u00e0s nuvens, aos lugares sagrados, \u00e0s coisa antigas. Existem at\u00e9 alguns que fingem amar o oposto disso \u2014 mas nesses eu n\u00e3o confio. E como todo poeta eu abomino a bovinice, o comportamento de rebanho, a conformidade do sistema, a arte pela colheita da grana.<\/p>\n<p>Acima de tudo eu odeio o ru\u00eddo, odeio especialmente essa abomina\u00e7\u00e3o chamada tele-mensagem. J\u00e1 avisei a todos que me conhecem que se me mandarem tele-mensagem eu fujo. Se me puserem ao microfone eu mando todo mundo tomar no cu. E se eu descubro quem foi o infeliz, j\u00e1 era: se foi minha mulher, me divorcio. Se minha filha, sem mesada por pelo menos 730 dias. Se for amigo, era.<\/p>\n<p>Se eu pudesse viver em minha torre de marfim eu seria dedicado \u00e0 quietude. Seria capaz de votar certos dias ao sil\u00eancio absoluto.<\/p>\n<p>Na minha torre de marfim eu passaria deliciosas horas de solid\u00e3o, ouvindo esse sil\u00eancio m\u00f3rbido e eterno que o mundo de hoje expulsou. Se ainda n\u00e3o estiverem extintos e nem engaiolados, os passarinhos vir\u00e3o pousar \u00e0 minha janela e cantar no meu amanhecer. Mas se estiverem todos mortos eu poderei pelo menos gozar do sil\u00eancio \u2014 e nesse sil\u00eancio poderei ouvir meus pensamentos melhor.<\/p>\n<p>Minha torre n\u00e3o ser\u00e1 um condom\u00ednio. Creio que no inferno existem vizinhos, mas no c\u00e9u cada alma bendita ter\u00e1 uma sesmaria ao redor de sua cabana.<\/p>\n<p>Do alto de minha Torre eu certamente verei no horizonte as luzes de muitas cidadezinhas ou a nebulosa de uma metr\u00f3pole. Para isso \u00e9 que porei pel\u00edculas escuras nas vidra\u00e7as. Quero minhas noites negras. Mesmo que as luzes da modernidade me roubem as estrelas eu ainda quero, pelo menos, o prazer de poder dormir na escurid\u00e3o.<\/p>\n<p>Entre as in\u00fameras coisas que abolirei de minha vida quando me mudar para a Torre eu enumero tr\u00eas que certamente n\u00e3o deixarei de deixar\u2026 O telefone, a televis\u00e3o e o celular. N\u00e3o quero telefone, mas quero computador com internet. N\u00e3o quero televis\u00e3o, mas quero meu DVD-player. Usarei minha conex\u00e3o de banda-larga para piratear todos os filmes que quiser ver, todos os discos que quiser ouvir. Enquanto isso n\u00e3o quero ter de atender o telefone, n\u00e3o quero ter de assistir a essas coisas horrendas que a televis\u00e3o insiste em nos mostrar. Eu n\u00e3o sou essas coisas e n\u00e3o sou essa m\u00fasica ruidosa que assombra a cidade.<\/p>\n<p>Talvez voc\u00ea me ache louco, ou tenha pena de mim porque na minha Torre de Marfim n\u00e3o haver\u00e1 amor. Talvez eu tenha raz\u00e3o, talvez tenha voc\u00ea. Essa Torre agora \u00e9 s\u00f3 um sonho porque nela n\u00e3o caberiam todas as pessoas que eu teria de levar \u2014 e cada pessoa teria outras a quem levar. Assim, a minha solid\u00e3o se tornaria um condom\u00ednio e a primeira coisa que toda essa gente faria seria organizar um churrasco regado a cerveja e pagode.<\/p>\n","protected":false},"excerpt":{"rendered":"<p>Hoje sa\u00ed para passear com minha filha e descobri que, apesar do prazer da paternidade, o que eu quero mesmo \u00e9 minha &#8220;Torre de Marfim&#8221;. Um lugar bem alto, distante e isolado, em que eu pudesse estar a salvo dos ru\u00eddos do mundo e ouvir apenas m\u00fasica boa. Um lugar aonde n\u00e3o chegasse mala-direta, Padre Marcelo Rossi, Mr. Catra, mission\u00e1rios, o cheiro do Ribeir\u00e3o Feij\u00e3o-Cru, not\u00edcias de balas perdidas\u2026 Como todo poeta eu amo \u00e0s nuvens, aos lugares sagrados, \u00e0s coisa antigas. Existem at\u00e9 alguns [&hellip;]<\/p>\n","protected":false},"author":1,"featured_media":0,"comment_status":"open","ping_status":"open","sticky":false,"template":"","format":"standard","meta":[],"categories":[46],"tags":[104,54,101],"_links":{"self":[{"href":"https:\/\/www.letraseletricas.blog.br\/lit\/wp-json\/wp\/v2\/posts\/574"}],"collection":[{"href":"https:\/\/www.letraseletricas.blog.br\/lit\/wp-json\/wp\/v2\/posts"}],"about":[{"href":"https:\/\/www.letraseletricas.blog.br\/lit\/wp-json\/wp\/v2\/types\/post"}],"author":[{"embeddable":true,"href":"https:\/\/www.letraseletricas.blog.br\/lit\/wp-json\/wp\/v2\/users\/1"}],"replies":[{"embeddable":true,"href":"https:\/\/www.letraseletricas.blog.br\/lit\/wp-json\/wp\/v2\/comments?post=574"}],"version-history":[{"count":3,"href":"https:\/\/www.letraseletricas.blog.br\/lit\/wp-json\/wp\/v2\/posts\/574\/revisions"}],"predecessor-version":[{"id":5403,"href":"https:\/\/www.letraseletricas.blog.br\/lit\/wp-json\/wp\/v2\/posts\/574\/revisions\/5403"}],"wp:attachment":[{"href":"https:\/\/www.letraseletricas.blog.br\/lit\/wp-json\/wp\/v2\/media?parent=574"}],"wp:term":[{"taxonomy":"category","embeddable":true,"href":"https:\/\/www.letraseletricas.blog.br\/lit\/wp-json\/wp\/v2\/categories?post=574"},{"taxonomy":"post_tag","embeddable":true,"href":"https:\/\/www.letraseletricas.blog.br\/lit\/wp-json\/wp\/v2\/tags?post=574"}],"curies":[{"name":"wp","href":"https:\/\/api.w.org\/{rel}","templated":true}]}}