{"id":6937,"date":"2019-07-21T21:40:00","date_gmt":"2019-07-22T00:40:00","guid":{"rendered":"http:\/\/www.letraseletricas.blog.br\/lit\/?p=6937"},"modified":"2019-07-21T21:40:03","modified_gmt":"2019-07-22T00:40:03","slug":"a-ultima-flor-do-fascio","status":"publish","type":"post","link":"https:\/\/www.letraseletricas.blog.br\/lit\/2019\/07\/a-ultima-flor-do-fascio\/","title":{"rendered":"A \u00daltima Flor do Fascio"},"content":{"rendered":"\n<p>Neste s\u00e1bado correu o mundo a imagem de uma crian\u00e7a agredida por um grupo de torcedores de futebol porque ousara comemorar o gol marcado pelo seu time do cora\u00e7\u00e3o estando ela no est\u00e1dio do advers\u00e1rio. Sabe o que isso me faz pensar?<\/p>\n\n\n\n<div class=\"wp-block-image\"><figure class=\"aligncenter size-large\"><img loading=\"lazy\" width=\"800\" height=\"450\" src=\"http:\/\/www.letraseletricas.blog.br\/lit\/wp-content\/uploads\/2019\/07\/7781472_x720-800x450.jpg\" alt=\"\" class=\"wp-image-6938\" srcset=\"https:\/\/www.letraseletricas.blog.br\/lit\/wp-content\/uploads\/2019\/07\/7781472_x720-800x450.jpg 800w, https:\/\/www.letraseletricas.blog.br\/lit\/wp-content\/uploads\/2019\/07\/7781472_x720-120x68.jpg 120w, https:\/\/www.letraseletricas.blog.br\/lit\/wp-content\/uploads\/2019\/07\/7781472_x720-250x141.jpg 250w, https:\/\/www.letraseletricas.blog.br\/lit\/wp-content\/uploads\/2019\/07\/7781472_x720-768x432.jpg 768w, https:\/\/www.letraseletricas.blog.br\/lit\/wp-content\/uploads\/2019\/07\/7781472_x720.jpg 1280w\" sizes=\"(max-width: 800px) 100vw, 800px\" \/><figcaption>Talvez pud\u00e9ssemos definir \u201cdemocracia\u201d como a liberdade de torcer para seu time na arquibancada do advers\u00e1rio. Em um pa\u00eds polarizado como torcidas de futebol, estas parecem ter chegado \u00e0s raias do absurdo.<\/figcaption><\/figure><\/div>\n\n\n\n<p>Que os n\u00edveis gerais de ignor\u00e2ncia seguem subindo e as pessoas usam adere\u00e7os com dizeres que n\u00e3o sabem o que significam. Aquela mulher n\u00e3o \u00e9 realmente uma antifascista, ela estava usando um cachecol de uma torcida organizada por causa de suas cores e por causa das simpatias pessoais que tinha por algu\u00e9m da torcida. Possivelmente o fazia s\u00f3 porque tinha tamb\u00e9m o s\u00edmbolo do Internacional.<\/p>\n\n\n\n<p>A quest\u00e3o aqui \u00e9 a diferen\u00e7a entre ter, ostentar e ser.<\/p>\n\n\n\n<p>N\u00e3o basta que voc\u00ea possua e\/ou ostente um objeto para que ele seja parte de sua identidade. Infelizmente as pessoas n\u00e3o percebem isso e procuram acumular bens materiais e s\u00edmbolos abstratos como se, com isso, agregassem valor a si mesmas e \u00e0 sua identidade. <\/p>\n\n\n\n<p>A superficialidade do mundo moderno deixa tudo, por\u00e9m, \u00e0 flor da pele, fazendo com que os s\u00edmbolos, os valores, as ideias, as experi\u00eancias,\u00a0<em>tudo se reduza a ostenta\u00e7\u00e3o.<\/em> Mas identidade n\u00e3o se compra, n\u00e3o se tatua e n\u00e3o \u00e9 algo que voc\u00ea possa dizer da boca para fora.<\/p>\n\n\n\n<p>Voc\u00ea n\u00e3o precisa possuir coisas para ser algu\u00e9m. Voc\u00ea n\u00e3o precisa vestir certa roupa para ser algu\u00e9m. Sua identidade n\u00e3o \u00e9 dada pela sua tatuagem tampouco. Tudo isso \u00e9 acess\u00f3rio, fica \u00e0 flor da pele ou meramente a toca.<\/p>\n\n\n\n<p>Antifascista n\u00e3o \u00e9 aquele que usa um cachecol ou que diz odiar o fascismo. Antifascista \u00e9 aquele que em sua vida e seus valores difunde o humanismo e a positividade que o fascismo nega.<\/p>\n\n\n\n<p>Antifascista \u00e9 aquele que ama ao conhecimento, que aceita o diferente, que difunde toler\u00e2ncia, que n\u00e3o compactua com a discrimina\u00e7\u00e3o, que coopera com o seu semelhante, que ajuda aos desvalidos, que acolhe o pr\u00f3ximo.<\/p>\n\n\n\n<p>N\u00e3o adianta voc\u00ea formar um grupo \u00abantifascista\u00bb, usar distintivos e uniformes, organizar reuni\u00f5es e a\u00e7\u00f5es. Na verdade, todas essas coisas s\u00e3o perigosas para o esp\u00edrito antifascista porque \u00e9 exatamente delas que o fascismo gosta: grupos, emblemas, uniformes, com\u00edcios e ataques.<\/p>\n\n\n\n<p>Se voc\u00ea n\u00e3o tolera que uma crian\u00e7a&nbsp;<em>exista<\/em>&nbsp;com uma camisa de cor diferente da que voc\u00ea veste, voc\u00ea est\u00e1 caminhando em dire\u00e7\u00e3o aos bra\u00e7os do fascismo e nenhum cachecol vermelho o salvar\u00e1.<\/p>\n","protected":false},"excerpt":{"rendered":"<p>Neste s\u00e1bado correu o mundo a imagem de uma crian\u00e7a agredida por um grupo de torcedores de futebol porque ousara comemorar o gol marcado pelo seu time do cora\u00e7\u00e3o estando ela no est\u00e1dio do advers\u00e1rio. Sabe o que isso me faz pensar? Que os n\u00edveis gerais de ignor\u00e2ncia seguem subindo e as pessoas usam adere\u00e7os com dizeres que n\u00e3o sabem o que significam. Aquela mulher n\u00e3o \u00e9 realmente uma antifascista, ela estava usando um cachecol de uma torcida organizada por causa de suas cores e [&hellip;]<\/p>\n","protected":false},"author":1,"featured_media":6938,"comment_status":"open","ping_status":"open","sticky":false,"template":"","format":"standard","meta":[],"categories":[187],"tags":[102,265,68],"_links":{"self":[{"href":"https:\/\/www.letraseletricas.blog.br\/lit\/wp-json\/wp\/v2\/posts\/6937"}],"collection":[{"href":"https:\/\/www.letraseletricas.blog.br\/lit\/wp-json\/wp\/v2\/posts"}],"about":[{"href":"https:\/\/www.letraseletricas.blog.br\/lit\/wp-json\/wp\/v2\/types\/post"}],"author":[{"embeddable":true,"href":"https:\/\/www.letraseletricas.blog.br\/lit\/wp-json\/wp\/v2\/users\/1"}],"replies":[{"embeddable":true,"href":"https:\/\/www.letraseletricas.blog.br\/lit\/wp-json\/wp\/v2\/comments?post=6937"}],"version-history":[{"count":2,"href":"https:\/\/www.letraseletricas.blog.br\/lit\/wp-json\/wp\/v2\/posts\/6937\/revisions"}],"predecessor-version":[{"id":6940,"href":"https:\/\/www.letraseletricas.blog.br\/lit\/wp-json\/wp\/v2\/posts\/6937\/revisions\/6940"}],"wp:featuredmedia":[{"embeddable":true,"href":"https:\/\/www.letraseletricas.blog.br\/lit\/wp-json\/wp\/v2\/media\/6938"}],"wp:attachment":[{"href":"https:\/\/www.letraseletricas.blog.br\/lit\/wp-json\/wp\/v2\/media?parent=6937"}],"wp:term":[{"taxonomy":"category","embeddable":true,"href":"https:\/\/www.letraseletricas.blog.br\/lit\/wp-json\/wp\/v2\/categories?post=6937"},{"taxonomy":"post_tag","embeddable":true,"href":"https:\/\/www.letraseletricas.blog.br\/lit\/wp-json\/wp\/v2\/tags?post=6937"}],"curies":[{"name":"wp","href":"https:\/\/api.w.org\/{rel}","templated":true}]}}