{"id":94,"date":"2012-12-18T21:00:00","date_gmt":"2012-12-19T00:00:00","guid":{"rendered":"http:\/\/letraseletricas.blog.br\/lit\/?p=94"},"modified":"2017-11-02T14:08:23","modified_gmt":"2017-11-02T17:08:23","slug":"pequenas-manias-inofensivas","status":"publish","type":"post","link":"https:\/\/www.letraseletricas.blog.br\/lit\/2012\/12\/pequenas-manias-inofensivas\/","title":{"rendered":"Pequenas Manias Inofensivas"},"content":{"rendered":"<p>Frequentemente me pego repetindo em cochicho o que acabei de dizer em voz alta, se a pessoa a quem disse n\u00e3o continua por perto. Porque se ela estiver, ent\u00e3o, costumo dizer a mesma coisa duas vezes, com poucos minutos de intervalo, para enfatizar o que estou dizendo. Geralmente uso uma frase para conectar, e ent\u00e3o repito o que havia dito antes, com palavras ligeiramente diferentes, com poucos minutos de intervalo, s\u00f3 para enfatizar o que dizia.<\/p>\n<p>Costumo ter animadas conversas comigo mesmo quando estou s\u00f3. Estas conversas frequentemente se transformam em discuss\u00f5es, e j\u00e1 houve casos em que realmente fiquei de mal. Durante essas conversas \u00e9 frequente que eu me diga coisas que n\u00e3o estava pensando ou encontre solu\u00e7\u00f5es miraculosamente para coisas que eu n\u00e3o estava sabendo resolver.<\/p>\n<p>Quando estou escrevendo \u00e0 m\u00e3o, minha caligrafia muda o tempo todo. Sou incapaz de manter o mesmo padr\u00e3o de tamanho de letra, comprimento de hastes, inclina\u00e7\u00e3o, separa\u00e7\u00e3o sil\u00e1bica, formato das letras redondas, etc. Em uma mesma palavra costumo empregar dois tipos diferentes de &#8220;a&#8221;, &#8220;s&#8221; ou &#8220;r&#8221;.<\/p>\n<p>Meus livros s\u00e3o ordenados na estante segundo um padr\u00e3o de tamanhos e cores. Quanto mais alto o livro, mais para a beirada. Se dois livros forem de mesma altura, o de capa mais escura fica do lado &#8220;de fora&#8221; em rela\u00e7\u00e3o ao centro da prateleira. Por sua vez, os meus discos s\u00e3o ordenados pela ordem cronol\u00f3gica em que foram lan\u00e7ados.<\/p>\n<p>Devo ser o \u00fanico banc\u00e1rio do Brasil que trabalha (frequentemente, mas n\u00e3o todo dia) de botinas. Gosto desse tipo de cal\u00e7ado desde que era adolescente e trabalhava na Cooperativa Agropecu\u00e1ria de Cataguases. Eu n\u00e3o tinha dinheiro para me vestir bem, ent\u00e3o vivia com jeans velhos, botinas de couro e camisas brancas de algod\u00e3o. Em meus sonhos eu me tornava um astro da m\u00fasica e esse tipo de indument\u00e1ria se transformava na nova moda roqueira.<\/p>\n<p>Todas estas pequenas excentricidades convivem com o fato de que sou incapaz de manter qualquer coisa organizada. Desde a minha estante de livros, que eu arrumo semestralmente, at\u00e9 a minha mesa de trabalho.<\/p>\n<p>Esta desarruma\u00e7\u00e3o tamb\u00e9m \u00e9 agravada pela dificuldade com que me livro de entulhos, bugigangas e velharias. Tenho ainda os carregadores de celulares que estragaram h\u00e1 anos, pe\u00e7as de computadores que nem possuo mais. Cabos e fios e caixas de aparelhos que nem lembro o que eram. Revistas que li uma vez e guardei pensando em deixar de heran\u00e7a para o futuro. Rascunhos de poemas e rabiscos gen\u00e9ricos sem nenhum sentido.<\/p>\n<p>Cada vez que me mudo, tenho de rever esta desordem, e com grande dor no cora\u00e7\u00e3o me desfa\u00e7o de uma mir\u00edade de pequenas coisas &#8212; e me arrependo depois. At\u00e9 hoje sonho em reencontrar nalguma caixa os dois retratos que fiz a l\u00e1pis nos tempos de segundo grau, e que s\u00f3 sobrevivem na minha mem\u00f3ria. Sem falar dos cadernos onde minhas amigas anotaram versos de Raul de Le\u00f4ni, Vicente de Carvalho e Fernando Pessoa.<\/p>\n<p>Sei, por\u00e9m, que estas foram perdas irremedi\u00e1veis, como as que s\u00f3 se pode ter na mudan\u00e7a. E n\u00e3o adianta ter saudade das casas em que n\u00e3o moro mais, dos livros que doei ou vendi, das palavras que disse e j\u00e1 n\u00e3o saboreio mais na boca, por mais que as cochiche. Por mais que eu lembre de manias antigas, n\u00e3o sou o mesmo que era, as coisas e as casas e as pessoas mudaram. Resta-me repetir palavras, fantasmas do que foi, e relembrar mentalmente \u00a0obras primas que n\u00e3o desenho mais.<\/p>\n","protected":false},"excerpt":{"rendered":"<p>Frequentemente me pego repetindo em cochicho o que acabei de dizer em voz alta, se a pessoa a quem disse n\u00e3o continua por perto. Porque se ela estiver, ent\u00e3o, costumo dizer a mesma coisa duas vezes, com poucos minutos de intervalo, para enfatizar o que estou dizendo. Geralmente uso uma frase para conectar, e ent\u00e3o repito o que havia dito antes, com palavras ligeiramente diferentes, com poucos minutos de intervalo, s\u00f3 para enfatizar o que dizia.<\/p>\n","protected":false},"author":1,"featured_media":0,"comment_status":"open","ping_status":"open","sticky":false,"template":"","format":"standard","meta":[],"categories":[46],"tags":[94,71,95],"_links":{"self":[{"href":"https:\/\/www.letraseletricas.blog.br\/lit\/wp-json\/wp\/v2\/posts\/94"}],"collection":[{"href":"https:\/\/www.letraseletricas.blog.br\/lit\/wp-json\/wp\/v2\/posts"}],"about":[{"href":"https:\/\/www.letraseletricas.blog.br\/lit\/wp-json\/wp\/v2\/types\/post"}],"author":[{"embeddable":true,"href":"https:\/\/www.letraseletricas.blog.br\/lit\/wp-json\/wp\/v2\/users\/1"}],"replies":[{"embeddable":true,"href":"https:\/\/www.letraseletricas.blog.br\/lit\/wp-json\/wp\/v2\/comments?post=94"}],"version-history":[{"count":2,"href":"https:\/\/www.letraseletricas.blog.br\/lit\/wp-json\/wp\/v2\/posts\/94\/revisions"}],"predecessor-version":[{"id":2339,"href":"https:\/\/www.letraseletricas.blog.br\/lit\/wp-json\/wp\/v2\/posts\/94\/revisions\/2339"}],"wp:attachment":[{"href":"https:\/\/www.letraseletricas.blog.br\/lit\/wp-json\/wp\/v2\/media?parent=94"}],"wp:term":[{"taxonomy":"category","embeddable":true,"href":"https:\/\/www.letraseletricas.blog.br\/lit\/wp-json\/wp\/v2\/categories?post=94"},{"taxonomy":"post_tag","embeddable":true,"href":"https:\/\/www.letraseletricas.blog.br\/lit\/wp-json\/wp\/v2\/tags?post=94"}],"curies":[{"name":"wp","href":"https:\/\/api.w.org\/{rel}","templated":true}]}}